{"id":30700,"date":"2024-01-12T10:11:33","date_gmt":"2024-01-12T09:11:33","guid":{"rendered":"https:\/\/scinawa.pl\/?p=30700"},"modified":"2024-01-12T10:11:33","modified_gmt":"2024-01-12T09:11:33","slug":"ferie-z-ckib-w-scinawie","status":"publish","type":"post","link":"https:\/\/scinawa.pl\/index.php\/2024\/01\/12\/ferie-z-ckib-w-scinawie\/","title":{"rendered":"Ferie z CKiB w \u015acinawie"},"content":{"rendered":"<p align=\"justify\"><strong>15 grudnia uczniowie z naszego regionu rozpoczynaj\u0105 ferie zimowe. Tradycyjnie o\u015brodek kultury i biblioteka zorganizuj\u0105 dla dzieci i m\u0142odzie\u017cy aktywny wypoczynek w \u015acinawie oraz gminnych wsiach. W pierwszym tygodniu ferii ch\u0119tni wyjad\u0105 na, organizowane przy wsp\u00f3\u0142pracy z fundacjami Pi\u0119knolesie oraz Kierunek Kultura, zimowisko do Polanicy Zdr\u00f3j.<\/strong><\/p>\n<p align=\"justify\">W zwi\u0105zku z tym, \u017ce cz\u0119\u015b\u0107 personelu Centrum Kultury i Biblioteki w \u015acinawie b\u0119dzie uczestniczy\u0142a w wyje\u017adzie do Polanicy Zdr\u00f3j, animatorzy odwiedz\u0105 w pierwszym tygodniu cz\u0119\u015b\u0107 so\u0142ectw, w kolejnym spotkaj\u0105 si\u0119 z pozosta\u0142ymi dzie\u0107mi.<\/p>\n<p align=\"justify\">Na zamieszczonych plakatach przedstawiamy harmonogramy warsztat\u00f3w zaplanowanych na pierwszy tydzie\u0144 zimowego wypoczynku. Zapraszamy do udzia\u0142u w zaj\u0119ciach!<br \/>\nOrganizatorzy zdradzaj\u0105, \u017ce na drugi tydzie\u0144 ferii zaplanowali dodatkowo wycieczk\u0119 oraz bal karnawa\u0142owy \u2013 wkr\u00f3tce wi\u0119cej informacji.<\/p>\n<p align=\"justify\">&nbsp;<\/p>\n<p align=\"justify\"><a href=\"http:\/\/scinawa.pl\/wp-content\/uploads\/2024\/01\/417485658_769118631924042_2563096001533066268_n-\u2014-kopia.jpg\"><img decoding=\"async\" loading=\"lazy\" class=\"aligncenter size-full wp-image-30702\" src=\"http:\/\/scinawa.pl\/wp-content\/uploads\/2024\/01\/417485658_769118631924042_2563096001533066268_n-\u2014-kopia.jpg\" alt=\"\" width=\"1448\" height=\"2048\" srcset=\"https:\/\/scinawa.pl\/wp-content\/uploads\/2024\/01\/417485658_769118631924042_2563096001533066268_n-\u2014-kopia.jpg 1448w, https:\/\/scinawa.pl\/wp-content\/uploads\/2024\/01\/417485658_769118631924042_2563096001533066268_n-\u2014-kopia-212x300.jpg 212w, https:\/\/scinawa.pl\/wp-content\/uploads\/2024\/01\/417485658_769118631924042_2563096001533066268_n-\u2014-kopia-724x1024.jpg 724w, https:\/\/scinawa.pl\/wp-content\/uploads\/2024\/01\/417485658_769118631924042_2563096001533066268_n-\u2014-kopia-768x1086.jpg 768w, https:\/\/scinawa.pl\/wp-content\/uploads\/2024\/01\/417485658_769118631924042_2563096001533066268_n-\u2014-kopia-1086x1536.jpg 1086w, https:\/\/scinawa.pl\/wp-content\/uploads\/2024\/01\/417485658_769118631924042_2563096001533066268_n-\u2014-kopia-17x24.jpg 17w, https:\/\/scinawa.pl\/wp-content\/uploads\/2024\/01\/417485658_769118631924042_2563096001533066268_n-\u2014-kopia-25x36.jpg 25w, https:\/\/scinawa.pl\/wp-content\/uploads\/2024\/01\/417485658_769118631924042_2563096001533066268_n-\u2014-kopia-34x48.jpg 34w\" sizes=\"(max-width: 1448px) 100vw, 1448px\" \/><\/a><\/p>\n<p><a href=\"http:\/\/scinawa.pl\/wp-content\/uploads\/2024\/01\/417423938_769118671924038_3703266726492581072_n.jpg\"><img decoding=\"async\" loading=\"lazy\" class=\"aligncenter size-full wp-image-30703\" src=\"http:\/\/scinawa.pl\/wp-content\/uploads\/2024\/01\/417423938_769118671924038_3703266726492581072_n.jpg\" alt=\"\" width=\"1448\" height=\"2048\" srcset=\"https:\/\/scinawa.pl\/wp-content\/uploads\/2024\/01\/417423938_769118671924038_3703266726492581072_n.jpg 1448w, https:\/\/scinawa.pl\/wp-content\/uploads\/2024\/01\/417423938_769118671924038_3703266726492581072_n-212x300.jpg 212w, https:\/\/scinawa.pl\/wp-content\/uploads\/2024\/01\/417423938_769118671924038_3703266726492581072_n-724x1024.jpg 724w, https:\/\/scinawa.pl\/wp-content\/uploads\/2024\/01\/417423938_769118671924038_3703266726492581072_n-768x1086.jpg 768w, https:\/\/scinawa.pl\/wp-content\/uploads\/2024\/01\/417423938_769118671924038_3703266726492581072_n-1086x1536.jpg 1086w, https:\/\/scinawa.pl\/wp-content\/uploads\/2024\/01\/417423938_769118671924038_3703266726492581072_n-17x24.jpg 17w, https:\/\/scinawa.pl\/wp-content\/uploads\/2024\/01\/417423938_769118671924038_3703266726492581072_n-25x36.jpg 25w, https:\/\/scinawa.pl\/wp-content\/uploads\/2024\/01\/417423938_769118671924038_3703266726492581072_n-34x48.jpg 34w\" sizes=\"(max-width: 1448px) 100vw, 1448px\" \/><\/a><\/p>\n","protected":false},"excerpt":{"rendered":"<p>15 grudnia uczniowie z naszego regionu rozpoczynaj\u0105 ferie zimowe. Tradycyjnie o\u015brodek kultury i biblioteka zorganizuj\u0105 dla dzieci i m\u0142odzie\u017cy aktywny<\/p>\n","protected":false},"author":3,"featured_media":30704,"comment_status":"open","ping_status":"open","sticky":false,"template":"","format":"standard","meta":{"ngg_post_thumbnail":0},"categories":[12,3],"tags":[],"_links":{"self":[{"href":"https:\/\/scinawa.pl\/index.php\/wp-json\/wp\/v2\/posts\/30700"}],"collection":[{"href":"https:\/\/scinawa.pl\/index.php\/wp-json\/wp\/v2\/posts"}],"about":[{"href":"https:\/\/scinawa.pl\/index.php\/wp-json\/wp\/v2\/types\/post"}],"author":[{"embeddable":true,"href":"https:\/\/scinawa.pl\/index.php\/wp-json\/wp\/v2\/users\/3"}],"replies":[{"embeddable":true,"href":"https:\/\/scinawa.pl\/index.php\/wp-json\/wp\/v2\/comments?post=30700"}],"version-history":[{"count":2,"href":"https:\/\/scinawa.pl\/index.php\/wp-json\/wp\/v2\/posts\/30700\/revisions"}],"predecessor-version":[{"id":30705,"href":"https:\/\/scinawa.pl\/index.php\/wp-json\/wp\/v2\/posts\/30700\/revisions\/30705"}],"wp:featuredmedia":[{"embeddable":true,"href":"https:\/\/scinawa.pl\/index.php\/wp-json\/wp\/v2\/media\/30704"}],"wp:attachment":[{"href":"https:\/\/scinawa.pl\/index.php\/wp-json\/wp\/v2\/media?parent=30700"}],"wp:term":[{"taxonomy":"category","embeddable":true,"href":"https:\/\/scinawa.pl\/index.php\/wp-json\/wp\/v2\/categories?post=30700"},{"taxonomy":"post_tag","embeddable":true,"href":"https:\/\/scinawa.pl\/index.php\/wp-json\/wp\/v2\/tags?post=30700"}],"curies":[{"name":"wp","href":"https:\/\/api.w.org\/{rel}","templated":true}]}}