{"id":30671,"date":"2024-01-06T10:00:55","date_gmt":"2024-01-06T09:00:55","guid":{"rendered":"https:\/\/scinawa.pl\/?p=30671"},"modified":"2024-01-08T09:25:54","modified_gmt":"2024-01-08T08:25:54","slug":"krystian-kosztyla-rozwijamy-gmine-dzieki-zewnetrznym-srodkom","status":"publish","type":"post","link":"https:\/\/scinawa.pl\/index.php\/2024\/01\/06\/krystian-kosztyla-rozwijamy-gmine-dzieki-zewnetrznym-srodkom\/","title":{"rendered":"Krystian Koszty\u0142a: Rozwijamy gmin\u0119 dzi\u0119ki zewn\u0119trznym \u015brodkom"},"content":{"rendered":"<p align=\"justify\"><strong>Burmistrz podsumowuje ostatnie miesi\u0105ce oraz zapowiada kierunki kolejnych dzia\u0142a\u0144 samorz\u0105du.<\/strong><\/p>\n<p align=\"justify\"><strong>W przypadku naszej gminy, stwierdzenie, \u017ce za nami \u201erok inwestycji\u201d, mo\u017ce by\u0107 ju\u017c odbierane, jako utarty slogan?<\/strong><br \/>\nKrystian Koszty\u0142a: &#8211; Ostatnie 12 miesi\u0119cy, to podobnie jak w poprzednich latach, czas wyzwa\u0144 zwi\u0105zanych z realizacj\u0105 pot\u0119\u017cnych zada\u0144 inwestycyjnych, wa\u017cnych dla mieszka\u0144c\u00f3w. W zasadzie zako\u0144czy\u0142a si\u0119 perspektywa 2014-2021, kt\u00f3ra wyd\u0142u\u017cona zosta\u0142a do ko\u0144ca 2023 roku, przyszed\u0142 wi\u0119c czas rozlicze\u0144 bardzo du\u017cych \u015brodk\u00f3w unijnych, kt\u00f3re pozyskali\u015bmy. W ostatnim okresie nie skupiali\u015bmy si\u0119 tylko na dzia\u0142aniach operacyjnych oraz pracy w terenie, ale r\u00f3wnie\u017c formalnych odbiorach i przygotowywaniu dokumentacji sk\u0142adanej do podmiot\u00f3w, kt\u00f3re nam tego wsparcia udzieli\u0142y, w tym na szykowaniu wniosk\u00f3w o p\u0142atno\u015bci i refundacje.<\/p>\n<p align=\"justify\"><strong>O jakich inwestycjach mowa?<\/strong><br \/>\n&#8211; Mi\u0119dzy innymi o najwi\u0119kszej naszej inwestycji polegaj\u0105cej na kanalizowaniu gminy, zrealizowanej dzi\u0119ki wsparciu z Narodowego Funduszu Ochrony \u015arodowiska i Gospodarki Wodnej w ramach Programu Operacyjnego Infrastruktura i \u015arodowisko, sk\u0105d pozyskali\u015bmy rekordowe wsparcie na poziomie 85 % warto\u015bci tego kilkuletniego i wieloaspektowego zadania. \u015arodki spo\u017cytkowali\u015bmy na budow\u0119 podstawowej infrastruktury w gminnych wsiach, dok\u0142adnie w a\u017c 14 miejscowo\u015bciach, w kt\u00f3rych wcze\u015bniej nikt kanalizacji nie wybudowa\u0142, ale tak\u017ce w cz\u0119\u015bci \u015acinawy, np. w obszarze zrewitalizowanego rynku, gdzie przebudowali\u015bmy sie\u0107 og\u00f3lnosp\u0142awn\u0105 pod nowymi nawierzchniami. W przypadku tego zadania, ostatnie prace dotyczy\u0142y D\u0105browy Dolnej i \u015arodkowej, Turowa oraz Krzy\u017cowej. Nale\u017cy podkre\u015bli\u0107, \u017ce \u0142\u0105cznie na ten projekt pozyskali\u015bmy wsparcie unijne na poziomie a\u017c 89 mln z\u0142 i w\u0142a\u015bnie finalizujemy rozliczenie tej rekordowej dotacji.<\/p>\n<p align=\"justify\"><strong>Dzi\u0119ki \u015brodkom zewn\u0119trznym z Narodowego Funduszu Ochrony \u015arodowiska i Gospodarki Wodnej, infrastruktura kanalizacyjna i wodoci\u0105gowa zosta\u0142a zmodernizowana r\u00f3wnie\u017c w \u015acinawie.<\/strong><br \/>\n&#8211; Dok\u0142adnie, opr\u00f3cz tego co pod nawierzchniami zrewitalizowanego rynku i zmodernizowan\u0105 oczyszczalni\u0105 \u015bciek\u00f3w, wybudowali\u015bmy kanalizacj\u0119 w ulicy Rybnej w naszym mie\u015bcie, a wszystkie te zadania zosta\u0142y sfinansowane dzi\u0119ki dotacji z Narodowego Funduszu Ochrony \u015arodowiska i Gospodarki Wodnej. Dzia\u0142ania w obr\u0119bie wskazanej ulicy, to uzupe\u0142nienie innej naszej inwestycji, wspartej r\u00f3wnie\u017c du\u017cymi \u015brodkami zewn\u0119trznymi, kt\u00f3ra dotyczy przebudowy portu w \u015acinawie. W ko\u0144cu w naszym mie\u015bcie, w sezonie wodniackim, dost\u0119pna b\u0119dzie profesjonalna infrastruktura dla \u017ceglugi turystycznej. Mi\u0142o\u015bnicy p\u0142ywania ju\u017c deklaruj\u0105, \u017ce b\u0119d\u0105 u nas trzymali swoje \u0142odzie, to hobby\u015bci z ca\u0142ego Zag\u0142\u0119bia Miedziowego. Wybudowana przysta\u0144 miejska, pozwoli na wiosn\u0119 zacumowa\u0107 w \u015acinawie nasz statek, a wi\u0119c owoc wcze\u015bniejszych stara\u0144 i dzia\u0142a\u0144, zaprojektowany i wybudowany tak\u017ce z wykorzystaniem dotacji, przy bardzo minimalnym udziale samorz\u0105du. Sama jednostka p\u0142ywaj\u0105ca, to wa\u017cny element wyposa\u017cenia naszego Regionalnego O\u015brodka Edukacji Ekologiczne, z funkcj\u0105 dydaktyczn\u0105. Warto te\u017c podkre\u015bli\u0107, \u017ce w Dziewinie, gdzie od kilku lat prowadzone s\u0105 zaj\u0119cia w terenie i stacjonarnie, r\u00f3wnie\u017c powsta\u0142a przysta\u0144 na Odrze, przy kt\u00f3rej nasz statek b\u0119dzie m\u00f3g\u0142 cumowa\u0107. Ju\u017c wiosn\u0105 b\u0119dziemy prowadzi\u0107 zaj\u0119cia edukacyjne na rzece, pokazuj\u0105c dzieciom i m\u0142odzie\u017cy pi\u0119kno \u0142\u0119gowej przyrody.<\/p>\n<p align=\"justify\"><strong>Wiele emocji budzi temat jako\u015bci dr\u00f3g powiatowych.<\/strong><br \/>\n&#8211; Lubin do\u015b\u0107 specyficznie podchodzi do tematu dr\u00f3g powiatowych na terenie gminy \u015acinawa, gdzie znaczne ich odcinki zosta\u0142y przez nas odtworzone, po wcze\u015bniejszym zamieszczeniu w pasach jezdni infrastruktury kanalizacyjnej, g\u0142\u00f3wnie w terenie zabudowanym. Starostwo, p\u00f3ki co, nie kontynuuje prac pomi\u0119dzy skanalizowanymi miejscowo\u015bciami, kt\u00f3rych mieszka\u0144cy ciesz\u0105 si\u0119 lepsz\u0105 infrastruktur\u0105 drogow\u0105, wykonan\u0105 przez \u015bcinawski samorz\u0105d, przy zerowym zaanga\u017cowaniu odpowiedzialnego zarz\u0105dcy. Ma\u0142o tego, w\u0142adze powiatu cz\u0119sto warunkuj\u0105 podj\u0119cie jakichkolwiek inwestycji w swoj\u0105 wys\u0142u\u017con\u0105 infrastruktur\u0119 drogow\u0105 na terenie naszej gminy, konieczno\u015bci\u0105 przekazania przez \u015bcinawski samorz\u0105d wsparcia na takie zadanie. Tu warto podkre\u015bli\u0107, \u017ce modernizacja, kolejnego odcinka drogi powiatowej w Tymowej w stron\u0119 Toszowic, jest realizowana dzi\u0119ki przekazaniu przez nas kwoty oko\u0142o p\u00f3\u0142 milina z\u0142otych, sta\u0142o si\u0119 tak dzi\u0119ki ogromnemu zaanga\u017cowaniu radnej Ireny Chrystyny. Uwa\u017cam, \u017ce niestety powiat dyskryminuje nasz samorz\u0105d, a \u017c\u0105daj\u0105c, aby\u015bmy dok\u0142adali si\u0119 do dr\u00f3g, kt\u00f3rymi zarz\u0105dza lubi\u0144skie starostwo, na co cz\u0119\u015bciej sta\u0107 naszych bogatszych s\u0105siad\u00f3w: gmin\u0119 wiejsk\u0105 Lubin i gmin\u0119 Rudna, pog\u0142\u0119bia infrastrukturaln\u0105 dysproporcj\u0119. Przy takim podej\u015bciu \u0142atwo sobie wyobrazi\u0107, jakby zareagowa\u0142y w\u0142adze powiatu na pro\u015bb\u0119 \u015acinawy o wsparcie i do\u0142o\u017cenie si\u0119 do inwestycji w drogi gminne.<\/p>\n<p align=\"justify\"><strong>Ostatnio powiat informowa\u0142, \u017ce b\u0119dzie remontowa\u0142 m.in. drog\u0119 pomi\u0119dzy Tymow\u0105, a D\u0119bcem?<\/strong><br \/>\n&#8211; Tak, w ko\u0144cu nasze wieloletnie starania, pisma, a tak\u017ce wnioski sk\u0142adane mi\u0119dzy innymi przez radn\u0105 Iren\u0119 Chrystyn\u0119 przynios\u0142y skutek, rozumiemy, \u017ce czas na takie dzia\u0142ania i pokazywanie, \u017ce w og\u00f3le powiat co\u015b robi ze swoimi drogami na terenie gminy \u015acinawa, jest sprzyjaj\u0105cy, bo przecie\u017c nied\u0142ugo wybory samorz\u0105dowe.<\/p>\n<p align=\"justify\"><strong>Nie spos\u00f3b zapomnie\u0107 o wymianie o\u015bwietlenia ulicznego, a wi\u0119c kolejnym zadaniu realizowanym z wykorzystaniem du\u017cych \u015brodk\u00f3w zewn\u0119trznych.<\/strong><br \/>\n&#8211; To kolejna inwestycja wsparta z Regionalnego Programu Operacyjnego Wojew\u00f3dztwa Dolno\u015bl\u0105skiego. Dzi\u0119ki nowym rozwi\u0105zaniom gmina zaoszcz\u0119dzi pieni\u0105dze, bo oprawy LED zu\u017cywaj\u0105 mniej energii, ni\u017c stare sodowe. Wymienili\u015bmy o\u015bwietlenie uliczne we wsiach, zmodernizowali\u015bmy je r\u00f3wnie\u017c w \u015acinawie. Chc\u0119 pokre\u015bli\u0107, \u017ce znamy potrzeby w zakresie rozbudowy i zupe\u0142nie nowych punkt\u00f3w \u015bwietlnych, ale dzia\u0142ania, na kt\u00f3re pozyskali\u015bmy wsparcie, dotycz\u0105 przede wszystkim modernizacji, tego, co ju\u017c wcze\u015bniej istnia\u0142o. Wiemy, \u017ce oczekiwania oraz potrzeby mieszka\u0144c\u00f3w s\u0105 wi\u0119ksze i jest potrzeba wybudowania nowych punkt\u00f3w, deklaruj\u0119, \u017ce nie odpu\u015bcimy tematu.<\/p>\n<p align=\"justify\"><strong>Warto doda\u0107, \u017ce niedawno nasza gmina pozyska\u0142a dotacj\u0119 na wymin\u0119 starych opraw w D\u0142u\u017cycach i Turowie?<\/strong><br \/>\n&#8211; Te dwie miejscowo\u015bci nie by\u0142y obj\u0119te wcze\u015bniejszymi naszymi dzia\u0142aniami, jednak uda\u0142o nam si\u0119 pozyska\u0107, tym razem rz\u0105dowe wsparcie, na poziomie blisko 100 tysi\u0119cy z\u0142otych, w\u0142a\u015bnie na modernizacj\u0119 o\u015bwietlenia ulicznego w D\u0142u\u017cycach oraz Turowie. Obecnie przygotowujemy si\u0119 do realizacji tej inwestycji.<\/p>\n<p align=\"justify\"><strong>Zako\u0144czy\u0142 si\u0119 te\u017c cykl konkurs\u00f3w na wymian\u0119 tzw. kopciuch\u00f3w, czyli starych piec\u00f3w, generuj\u0105cych do atmosfery wiele zanieczyszcze\u0144.<\/strong><br \/>\n&#8211; Tutaj warto zaznaczy\u0107, \u017ce wsp\u00f3lnie z partnerami: Lubinem, Chocianowem, Prochowicami oraz Rudn\u0105 pozyskali\u015bmy ogromne \u015brodki na wymian\u0119 wysokoemisyjnych \u017ar\u00f3de\u0142 ciep\u0142a w budynkach i lokalach mieszkalnych. To w\u0142a\u015bnie mieszka\u0144cy gminy \u015acinawy skorzystali w najwi\u0119kszym stopniu z oferowanego wsparcia, bo oko\u0142o 400 beneficjent\u00f3w otrzyma\u0142o \u0142\u0105cznie ponad 8 mln z\u0142 w formie grant\u00f3w. Cieszy mnie zaanga\u017cowanie Sp\u00f3\u0142dzielni \u201eRolnik\u201d, kt\u00f3ra dzi\u0119ki pozyskaniu dotacji na poziomie 1,5 mln z\u0142 zlikwidowa\u0142a wys\u0142u\u017con\u0105 kot\u0142owni\u0119 w\u0119glow\u0105, a zast\u0105pi\u0142a j\u0105 ekologiczn\u0105 gazow\u0105. Natomiast \u017ca\u0142uj\u0119, \u017ce \u015acinawska Sp\u00f3\u0142dzielnia Mieszkaniowa nie wykaza\u0142a takiej woli, nie skorzysta\u0142a z mo\u017cliwo\u015bci, jakie wszystkim stworzyli\u015bmy. Licz\u0119 jednak, \u017ce w przysz\u0142o\u015bci osoby zarz\u0105dzaj\u0105ce tak du\u017cym zasobem mieszkaniowym, r\u00f3wnie\u017c podejm\u0105 dzia\u0142ania proekologiczne. Wszyscy wiemy, \u017ce mieszka\u0144cy blok\u00f3w du\u017co p\u0142ac\u0105 za ogrzewanie, niestety przestarza\u0142e technologie i sieci ciep\u0142ownicze, wp\u0142ywaj\u0105 negatywnie na jako\u015b\u0107 powietrza w naszym mie\u015bcie, w dodatku s\u0105 te\u017c nieekonomiczne, na starych ruroci\u0105gach dochodzi do strat energii. To wszystko odbija si\u0119 oczywi\u015bcie p\u00f3\u017aniej na rachunkach lokator\u00f3w.<\/p>\n<p align=\"justify\"><strong>A jakie s\u0105 plany na kolejne miesi\u0105ce?<\/strong><br \/>\n&#8211; Nadal b\u0119dziemy aktywnie pozyskiwa\u0107 \u015brodki, odpowiada\u0107 na zg\u0142aszane potrzeby mieszka\u0144c\u00f3w, uzupe\u0142nia\u0107 to, co wybudowali\u015bmy o kolejne wa\u017cne i ju\u017c zaprojektowane elementy. Bardzo zale\u017cy te\u017c nam na poprawie infrastruktury drogowej. Inwestycje w nowe nawierzchnie s\u0105 kosztowne, obecnie realizujemy je przede wszystkim dzi\u0119ki pozyskiwanym skutecznie pieni\u0105dzom z Rz\u0105dowego Funduszu Rozwoju Dr\u00f3g. Aktualnie, z wykorzystaniem takich \u015brodk\u00f3w, budujemy drogi na osiedlu Klasztornym, a wi\u0119c obszarze praktycznie ju\u017c zabudowanym, z wykonan\u0105 znacznie wcze\u015bniej niezb\u0119dn\u0105 infrastruktur\u0105 i sieciami. Dlatego zasadnym jest prowadzenie teraz prac przy nawierzchni ci\u0105g\u00f3w komunikacyjnych w tej cz\u0119\u015bci miasta. Je\u015bli chodzi o tzw. osiedle Polne, to nasze dzia\u0142ania w pierwszej kolejno\u015bci po\u015bwi\u0119cimy rozbudowie kanalizacji i projektom podziemnej infrastruktury. Na tym obszarze s\u0105 te\u017c jeszcze pola uprawne, mn\u00f3stwo grunt\u00f3w, kt\u00f3re w perspektywie b\u0119d\u0105 zabudowywane domami, bo takie jest ich przeznaczenie w planie zagospodarowania. Rozumiem, \u017ce w\u0142a\u015bciciele nieruchomo\u015bci w wielu miejscach naszej gminy chcieliby dobrych dr\u00f3g, niestety nie wszystkie oczekiwania mo\u017cemy spe\u0142ni\u0107 od razu, nie za wszystkie drogi te\u017c odpowiadamy. Wracaj\u0105c do osiedla Klasztornego, to my\u015bl\u0119, \u017ce jeszcze w styczniu zostanie wybrany wykonawca budowy dr\u00f3g na przebiegu ulic Dominika\u0144skiej oraz Salezja\u0144skiej, jeste\u015bmy po otwarciu ofert, obecnie je weryfikujemy, trwa wi\u0119c procedura wyboru firmy, kt\u00f3rej powierzymy to zadanie.<\/p>\n<p align=\"justify\"><strong>Czy w najbli\u017cszych miesi\u0105cach mo\u017cemy si\u0119 spodziewa\u0107 kolejnych inwestycji drogowych?<\/strong><br \/>\n&#8211; Opr\u00f3cz tych kilometr\u00f3w dr\u00f3g odtworzonych w lepszej jako\u015bci, po wybudowaniu na wsiach kanalizacji, trwaj\u0105cej inwestycji na Klasztornym, r\u00f3wnie\u017c dzi\u0119ki \u015brodkom z Rz\u0105dowego Funduszu Rozwoju Dr\u00f3g, planujemy w przysz\u0142ym roku przebudow\u0119 nawierzchni ulic Szkolnej i Placu Ko\u015bcielnego, gdzie w nawi\u0105zaniu do zrewitalizowanego rynku, zostanie u\u0142o\u017cona, trwalsza kostka granitowa, zamiast betonowej. Chc\u0119 doda\u0107, \u017ce przy kolejnych inwestycjach w centrum naszego miasta, takie ulice jak: G\u0142ogowska, czy Robotnicza, r\u00f3wnie\u017c zostan\u0105 przebudowane z wykorzystaniem granitu.<\/p>\n<p align=\"justify\"><strong>Co z realizowanym wcze\u015bniej programem remont\u00f3w i bud\u00f3w \u015bwietlic wiejskich?<\/strong><br \/>\n&#8211; Po finalizacji wielu zada\u0144, finansowanych w ramach zako\u0144czonej i obecnie rozliczanej perspektywy unijnej, na kt\u00f3re potrzebowali\u015bmy zabezpieczenia niema\u0142ych \u015brodk\u00f3w na wk\u0142ady w\u0142asne, wracamy do programu remont\u00f3w, modernizacji i bud\u00f3w \u015bwietlic wiejskich. W pierwszej kolejno\u015bci planujemy budow\u0119 nowego takiego obiektu w D\u0119bcu, tutaj skorzystamy ze \u015brodk\u00f3w pozyskanych przez gmin\u0119 w ramach rz\u0105dowego Programu Inwestycji Strategicznych Polski \u0141ad. Przetarg na t\u0119 inwestycj\u0119 og\u0142aszamy w styczniu bie\u017c\u0105cego roku. W nast\u0119pnej kolejno\u015bci b\u0119dziemy zajmowa\u0107 si\u0119 miedzy innymi obiektami w Jurczu, Dzies\u0142awiu, D\u0142u\u017cycach, Buszkowicach.<\/p>\n<p align=\"justify\"><strong>Od d\u0142u\u017cszego czasu m\u00f3wi si\u0119 o skateparku.<\/strong><br \/>\n&#8211; Oczywi\u015bcie mamy taki plan, to wpisze si\u0119 r\u00f3wnie\u017c w projekt rewitalizacji zieleni miejskiej, kt\u00f3ry wymaga uzupe\u0142nienia, co do ma\u0142ej architektury czy plac\u00f3w zabaw. Te w\u0142a\u015bnie elementy nie by\u0142y obj\u0119te wsparciem zewn\u0119trznym, kt\u00f3re pozyskali\u015bmy, dlatego przy tej inwestycji skoncentrowali\u015bmy si\u0119 na zakresie podstawowym, czyli g\u0142\u00f3wnie na nasadzeniach. Wa\u017cne, \u017ce uda\u0142o si\u0119 nam ju\u017c pozyska\u0107 \u015brodki z rz\u0105dowego Programu Inwestycji Strategicznych Polski \u0141ad, zar\u00f3wno na skatepark, jak i inn\u0105 niezrealizowan\u0105 przy rewitalizacji zieleni infrastruktur\u0119 rekreacyjn\u0105. Chc\u0119 doda\u0107, \u017ce przed og\u0142oszeniem na pocz\u0105tku tego roku przetargu, b\u0119d\u0119 chcia\u0142 si\u0119 spotka\u0107 z m\u0142odzie\u017c\u0105, kt\u00f3ra korzysta i wnioskowa\u0142a wielokrotnie do gminy o budow\u0119 skateparku, aby urz\u0105dzenia tam zaplanowane spe\u0142nia\u0142y oczekiwania przysz\u0142ych u\u017cytkownik\u00f3w.<\/p>\n<p align=\"justify\"><strong>Do urz\u0119dnik\u00f3w docieraj\u0105 informacje, \u017ce linia 512 ma bardzo du\u017ce ob\u0142o\u017cenie, wielu mieszka\u0144c\u00f3w w\u0142a\u015bnie autobusem doje\u017cd\u017ca do Lubina.<\/strong><br \/>\n&#8211; Cieszymy si\u0119, \u017ce wprowadzone przez nas kilka lat temu bezp\u0142atne po\u0142\u0105czenia z Lubinem ciesz\u0105 si\u0119 tak du\u017cym zainteresowaniem, dla wielu mieszka\u0144c\u00f3w, kt\u00f3rzy doje\u017cd\u017caj\u0105 o pracy i szko\u0142y, to znaczne oszcz\u0119dno\u015bci w domowych bud\u017cetach. Mamy te\u017c \u015bwiadomo\u015b\u0107 tego, \u017ce niekt\u00f3re kursy linii 512 s\u0105 mocno ob\u0142o\u017cone, dlatego planujemy zakup autobusu przegubowego o wysokim standardzie, na podobnym poziomie jak wo\u017c\u0105ce dotychczas naszych mieszka\u0144c\u00f3w Mercedesy, jednak ze znacznie wi\u0119ksz\u0105 ilo\u015bci\u0105 miejsc. Obecnie przygotowujemy si\u0119 do og\u0142oszenia przetargu, a po zakupie pojazd zostanie powierzony do korzystania operatorowi, kt\u00f3ry nadal \u015bwiadczy\u0142 b\u0119dzie bezp\u0142atne dla pasa\u017cer\u00f3w przewozy na trasie \u015acinawa-Lubin.<\/p>\n<p align=\"justify\"><strong>\u015acinawa czeka na wyremontowany basen miejski.<\/strong><br \/>\n&#8211; I \u015acinawa si\u0119 go doczeka, poniewa\u017c pozyskali\u015bmy kolejne, dodatkowe \u015brodki na to wa\u017cne dla nas zadanie, tak\u017ce z rz\u0105dowego programu. Na oferty potencjalnych wykonawc\u00f3w w og\u0142oszonym przetargu czekamy do 18 stycznia. Nale\u017cy przypomnie\u0107, \u017ce ju\u017c wcze\u015bniej poszukiwali\u015bmy wykonawcy tej potrzebnej inwestycji, jednak kwota zaproponowana przez jedyn\u0105 firm\u0119, kt\u00f3ra uczestniczy\u0142a w\u00f3wczas w postepowaniu o udzielenie zam\u00f3wienia publicznego, by\u0142a zdecydowanie za wysoka, w por\u00f3wnaniu z przyj\u0119tym na ten cel bud\u017cetem. Przebudowany i unowocze\u015bniony basen b\u0119dzie mia\u0142 nowoczesne systemy filtracji wody, niecki ze stali nierdzewnej, dodatkowe atrakcje jak: wodny plac zabaw i zje\u017cd\u017calni\u0119. W og\u0142oszonym ostatnio kolejnym przetargu, podzieli\u015bmy zakres ca\u0142ego przedsi\u0119wzi\u0119cia na cz\u0119\u015b\u0107 podstawow\u0105 oraz opcje.<\/p>\n<p align=\"justify\"><strong>Gmina informowa\u0142a, \u017ce powstanie \u017c\u0142obek miejski.<\/strong><br \/>\n&#8211; Pozyskali\u015bmy na ten cel \u015brodki z Ministerstwa Rodziny i Polityki Spo\u0142ecznej. Oczywi\u015bcie kwota oko\u0142o 700 tysi\u0119cy z\u0142otych na sam\u0105 budow\u0119 jest niewystarczaj\u0105ca, dlatego o pozosta\u0142e wsparcie ubiegali\u015bmy si\u0119 w Programie Inwestycji Strategicznych Polski \u0141ad i przyznano nam dodatkowe i potrzebne na budow\u0119 pieni\u0105dze. Zaczynamy oczywi\u015bcie od dokumentacji projektowej, zgodnie z wnioskiem do programu MALUCH + obiekt najp\u00f3\u017aniej uruchomiany b\u0119dzie w 2026 roku.<\/p>\n<p align=\"justify\"><strong>W \u015acinawie wymieniane s\u0105 wodoci\u0105gi.<\/strong><br \/>\n&#8211; To tak\u017ce dzi\u0119ki zewn\u0119trznemu wsparciu. Wymienili\u015bmy 5,5 km rur w samym mie\u015bcie oraz zrekonstruowali\u015bmy studnie g\u0142\u0119binowe, a wi\u0119c uj\u0119cia wody, dzi\u0119ki czemu teraz s\u0105 bardziej wydajne. Ponadto zrealizowana zosta\u0142a tak\u017ce inwestycja na hydroforni w Wielowsi, zmodernizowali\u015bmy r\u00f3wnie\u017c i przebudowali\u015bmy g\u0142\u00f3wn\u0105 stacj\u0119 uzdatniania wody. Chc\u0119 doda\u0107, \u017ce nikt wcze\u015bniej nie dokona\u0142 tak szerokiej wymiany starych wodoci\u0105g\u00f3w w \u015acinawie, gdzie w u\u017cytku by\u0142y jeszcze rury z lat trzydziestych minionego stulecia.<\/p>\n<p align=\"justify\"><strong>Jaki jest plan na obiekt, w kt\u00f3rym mie\u015bci\u0142o si\u0119 publiczne gimnazjum?<\/strong><br \/>\n&#8211; Ta cz\u0119\u015b\u0107, w kt\u00f3rej mie\u015bci si\u0119 zaplecze sportowe, nadal b\u0119dzie mia\u0142a tak\u0105 funkcj\u0119 i pozostanie w zarz\u0105dzie zespo\u0142u szkolno-przedszkolnego, natomiast cz\u0119\u015b\u0107 z dawnymi salami lekcyjnymi chcemy przeprojektowa\u0107 i przystosowa\u0107 na cele mieszkaniowe. B\u0119d\u0105 to ewentualnie lokale komunalne oraz mieszkania wystawione pod ca\u0142kowicie komercyjny zakup. Za\u0142o\u017cenie jest takie, by mieszkania by\u0142y nowoczesne, w dobrym standardzie. Zauwa\u017camy, \u017ce w \u015acinawie brakuje lokali, deweloper bardzo szybko sprzeda\u0142 te wybudowane w rynku, a ulica Lipowa to r\u00f3wnie\u017c dobra lokalizacja. Zabezpieczyli\u015bmy w przysz\u0142orocznym bud\u017cecie \u015brodki na opracowanie koncepcji i wst\u0119pnego projektu na now\u0105 adaptacj\u0119 tego budynku. Przeanalizowali\u015bmy te\u017c ewentualne potrzeby zwi\u0105zane z wcze\u015bniejsz\u0105 funkcj\u0105, jak wiemy gminy zobowi\u0105zane s\u0105 do prowadzenia szk\u00f3\u0142 na takim szczeblu, jednak \u015acinawa, z uwagi na demografi\u0119, nie potrzebuje kolejnej podstaw\u00f3wki. Z kolei za prowadzenie szk\u00f3\u0142 \u015brednich odpowiada samorz\u0105d powiatu, chcia\u0142bym przypomnie\u0107, \u017ce przy znacznie wy\u017cszej liczbie ludno\u015bci nie uda\u0142o si\u0119 stworzy\u0107 szko\u0142y \u015bredniej w naszym mie\u015bcie, nawet prywatnej, jeszcze kiedy my\u015blano o zagospodarowaniu o wiele mniejszego obiektu po dawnej Szkole Podstawowej nr 2. Ponadto zainteresowania budynkiem po \u201ejedynce\u201d i \u015bcinawskim gimnazjum nie wykazuj\u0105 r\u00f3wnie\u017c inne publiczne instytucje, czy podmioty prywatna, a szkoda, \u017ceby taki obiekt sta\u0142 nieu\u017cytkowany.<\/p>\n<p align=\"justify\"><strong>Ruszy\u0142y prace budowlane na Strefie Aktywno\u015bci Gospodarczej.<\/strong><br \/>\n&#8211; Od 2005 roku, od kiedy posiadamy plan zagospodarowania przestrzennego, teren w obr\u0119bie ulic Spacerowej i Legnickiej, by\u0142 przewidziany pod aktywno\u015b\u0107 gospodarcz\u0105. Niestety nie posiada\u0142 \u017cadnej infrastruktury, \u017cadnych mo\u017cliwo\u015bci, to zniech\u0119ca\u0142o nielicznych zainteresowanych zakupem dzia\u0142ek, brakowa\u0142o medi\u00f3w. Dzi\u0119ki unijnemu wsparciu uda\u0142o si\u0119 nam przygotowa\u0107 stref\u0119, przy naszym wk\u0142adzie na poziomie oko\u0142o 1,5 mln z\u0142. To co zainwestowali\u015bmy, zwr\u00f3ci\u0142o si\u0119 nam z nawi\u0105zk\u0105 po sprzeda\u017cy zaledwie dw\u00f3ch dzia\u0142ek, z kt\u00f3rej \u0142\u0105cznie uzyskano 3,5 mln z\u0142! Mog\u0119 te\u017c zdradzi\u0107, \u017ce potencjalni inwestorzy interesuj\u0105 si\u0119 kolejnymi terenami, r\u00f3wnie\u017c firmy zagraniczne, jak cho\u0107by Korea\u0144czycy, kt\u00f3rzy w czerwcu rozwa\u017cali postawienie u nas odlewni metali.<\/p>\n<p align=\"justify\"><strong>Jakie inwestycje powstaj\u0105 na SAG?<\/strong><br \/>\n&#8211; Stowarzyszenie LGD Kraina \u0141\u0119g\u00f3w Odrza\u0144skich buduje Centrum Dystrybucji Produkt\u00f3w Lokalnych, na pocz\u0105tku tego roku prace przy samym obiekcie powinny zosta\u0107 uko\u0144czone. Na innej, znacznie wi\u0119kszej dzia\u0142ce, kt\u00f3r\u0105 uda\u0142o nam si\u0119 zby\u0107 w tamtym obszarze, prywatny inwestor planuje budow\u0119 bocznicy i infrastruktury niezb\u0119dnej do prowadzenia swojej dzia\u0142alno\u015bci, a firma zajmuje si\u0119 miedzy innymi transportem, zar\u00f3wno kolejowym jak i samochodowym, a tak\u017ce rewitalizuje linie kolejowe. Wiemy, \u017ce ma w planie budow\u0119 hali przeznaczonej do naprawy i mycia lokomotyw. Dzia\u0142amy i z optymizmem czekamy na owoce naszej pracy, za nami pandemia, kt\u00f3ra troch\u0119 wstrzyma\u0142a zamierzenia prywatnych inwestor\u00f3w, przyszed\u0142 te\u017c kryzys energetyczny, ale w ostatnich miesi\u0105cach zainteresowanie SAG wzros\u0142o.<\/p>\n<p align=\"justify\"><strong>\u015acinawa jest atrakcyjnym miejscem do \u017cycia?<\/strong><br \/>\n&#8211; My\u015bl\u0119, \u017ce tak, cho\u0107 trudno odwraca\u0107 nam og\u00f3lne trendy dotycz\u0105ce demografii i spadaj\u0105cej liczby mieszka\u0144c\u00f3w, czego nie ma w miejscowo\u015bciach s\u0105siaduj\u0105cych bezpo\u015brednio z du\u017cymi aglomeracjami miejskimi, takimi jak Lubin, czy Wroc\u0142aw, ale uwa\u017cam, \u017ce dzi\u0119ki naszym dzia\u0142aniom mocno wyhamowa\u0142a ta tendencja. Ci\u0105gle staramy si\u0119 rozwija\u0107: 14 gminnych wsi doczeka\u0142o si\u0119 podstawowej infrastruktury, czyli kanalizacji, w \u015acinawie mamy gaz, zrewitalizowan\u0105 ziele\u0144, wymieniamy stare wodoci\u0105gi, odbudowujemy drogi, modernizujemy o\u015bwietlenie, uzupe\u0142niamy ma\u0142\u0105 architektur\u0119. Dbamy o bezp\u0142atn\u0105 komunikacj\u0119, ekologi\u0119, kultur\u0119 i sztuk\u0119. W ostatnich latach we wsiach wybudowali\u015bmy nowe i bezpieczne place zabaw, takie te\u017c powstan\u0105 w \u015acinawie, podobnie jak zapowiadany skatepark. Wracamy do budowy \u015bwietlic, pracownicy domu kultury staraj\u0105 si\u0119 aktywizowa\u0107 mieszka\u0144c\u00f3w, cho\u0107by przez Uniwersytet III Wieku czy warsztaty, kt\u00f3re prowadz\u0105 w gminnych miejscowo\u015bciach. Wiemy, \u017ce potrzeby naszej spo\u0142eczno\u015bci s\u0105 ogromne, ale by m\u00f3c dzia\u0142a\u0107 w tak ogromnej skali korzystamy z zewn\u0119trznego wsparcia i dotacji, g\u0142\u00f3wnie z Unii Europejskiej. Chc\u0119 doda\u0107, \u017ce nie zawsze konkursy organizowane s\u0105 na najpilniejsze nasze potrzeby, po prostu maj\u0105 zadane tematy i przedsi\u0119wzi\u0119cia, kt\u00f3re s\u0105 finansowane, jednak my staramy si\u0119 korzysta\u0107 z ka\u017cdej oferowanej mo\u017cliwo\u015bci i wype\u0142nia\u0107 przys\u0142owiowe kupony.<\/p>\n<p align=\"justify\"><strong>Co z remiz\u0105 w \u015acinawie?<\/strong><br \/>\n&#8211; Wykonawca zaprojektowa\u0142 przebudow\u0119 obiektu i uzyska\u0142 ju\u017c pozwolenie na ich realizacj\u0119, to obiekt pod opiek\u0105 konserwatora, wi\u0119c procedury troszeczk\u0119 trwa\u0142y, ale zaanga\u017cowani w pomoc mieszka\u0144com stra\u017cacy doczekaj\u0105 si\u0119 remizy z prawdziwego zdarzenia, kt\u00f3ra spe\u0142nia\u0142a b\u0119dzie ich oczekiwania. Za chwil\u0119 na obiekcie rozpoczn\u0105 si\u0119 roboty budowlane, a inwestycja ma zako\u0144czy\u0107 si\u0119 latem tego roku.<\/p>\n<p align=\"justify\"><strong>Czyli 2024 rok otworzymy kolejnymi pi\u0119knymi akcentami, m.in. rozpocz\u0119ciem rob\u00f3t budowlanych dotycz\u0105cych remizy?<\/strong><br \/>\n&#8211; Tak, ale nale\u017cy podkre\u015bli\u0107, \u017ce rok 2023 zamkn\u0119li\u015bmy uko\u0144czeniem budowy kanalizacji w a\u017c 14 wsiach, czyli tak naprawd\u0119 najwi\u0119kszej inwestycji w historii \u015acinawy, w ramach kt\u00f3rej modernizowali\u015bmy fragmentami sie\u0107 wodoci\u0105gow\u0105 i mocno wyeksploatowan\u0105 oczyszczalni\u0119 \u015bciek\u00f3w, ale tak\u017ce wybudowali\u015bmy w pewnym zakresie kanalizacj\u0119 w mie\u015bcie. Rok zako\u0144czyli\u015bmy dzia\u0142aniami, kt\u00f3re finalizuj\u0105 unijne projektu i w kolejnej perspektywie b\u0119dziemy je kontynuowali oraz rozwijali, co warte podkre\u015blenia na wiele nowych przedsi\u0119wzi\u0119\u0107 mamy ju\u017c pozyskane dofinansowanie. Zamkn\u0119li\u015bmy kolejne 12 miesi\u0119cy dzia\u0142a\u0144 na rzecz mieszka\u0144c\u00f3w, z poczuciem dobrze spe\u0142nionych obowi\u0105zk\u00f3w. Dzi\u0119kuj\u0119 za to wszystkim pracownikom urz\u0119du, zaanga\u017cowanym w projekty, obs\u0142ug\u0119 petent\u00f3w, rozliczanie finans\u00f3w, odpowiedzialnym za bezpiecze\u0144stwo i porz\u0105dek w gminie. Wyrazy wdzi\u0119czno\u015bci kieruj\u0119 r\u00f3wnie\u017c do os\u00f3b zatrudnionych w jednostkach bud\u017cetowych i Zak\u0142adzie Gospodarki Komunalnej, to dzi\u0119ki Wam rok 2023 by\u0142 udany! Na kolejny, wszystkim mieszka\u0144com \u017cycz\u0119 dobrego zdrowia, troch\u0119 szcz\u0119\u015bcia i spe\u0142niania plan\u00f3w.<\/p>\n","protected":false},"excerpt":{"rendered":"<p>Burmistrz podsumowuje ostatnie miesi\u0105ce oraz zapowiada kierunki kolejnych dzia\u0142a\u0144 samorz\u0105du. W przypadku naszej gminy, stwierdzenie, \u017ce za nami \u201erok inwestycji\u201d,<\/p>\n","protected":false},"author":3,"featured_media":30673,"comment_status":"open","ping_status":"open","sticky":false,"template":"","format":"standard","meta":{"ngg_post_thumbnail":0},"categories":[12,3],"tags":[],"_links":{"self":[{"href":"https:\/\/scinawa.pl\/index.php\/wp-json\/wp\/v2\/posts\/30671"}],"collection":[{"href":"https:\/\/scinawa.pl\/index.php\/wp-json\/wp\/v2\/posts"}],"about":[{"href":"https:\/\/scinawa.pl\/index.php\/wp-json\/wp\/v2\/types\/post"}],"author":[{"embeddable":true,"href":"https:\/\/scinawa.pl\/index.php\/wp-json\/wp\/v2\/users\/3"}],"replies":[{"embeddable":true,"href":"https:\/\/scinawa.pl\/index.php\/wp-json\/wp\/v2\/comments?post=30671"}],"version-history":[{"count":3,"href":"https:\/\/scinawa.pl\/index.php\/wp-json\/wp\/v2\/posts\/30671\/revisions"}],"predecessor-version":[{"id":30677,"href":"https:\/\/scinawa.pl\/index.php\/wp-json\/wp\/v2\/posts\/30671\/revisions\/30677"}],"wp:featuredmedia":[{"embeddable":true,"href":"https:\/\/scinawa.pl\/index.php\/wp-json\/wp\/v2\/media\/30673"}],"wp:attachment":[{"href":"https:\/\/scinawa.pl\/index.php\/wp-json\/wp\/v2\/media?parent=30671"}],"wp:term":[{"taxonomy":"category","embeddable":true,"href":"https:\/\/scinawa.pl\/index.php\/wp-json\/wp\/v2\/categories?post=30671"},{"taxonomy":"post_tag","embeddable":true,"href":"https:\/\/scinawa.pl\/index.php\/wp-json\/wp\/v2\/tags?post=30671"}],"curies":[{"name":"wp","href":"https:\/\/api.w.org\/{rel}","templated":true}]}}