{"id":30524,"date":"2023-12-13T08:40:36","date_gmt":"2023-12-13T07:40:36","guid":{"rendered":"https:\/\/scinawa.pl\/?p=30524"},"modified":"2023-12-13T08:40:36","modified_gmt":"2023-12-13T07:40:36","slug":"rocznica-wprowadzenia-stanu-wojennego-3","status":"publish","type":"post","link":"https:\/\/scinawa.pl\/index.php\/2023\/12\/13\/rocznica-wprowadzenia-stanu-wojennego-3\/","title":{"rendered":"Rocznica wprowadzenia stanu wojennego"},"content":{"rendered":"<p align=\"justify\"><strong>Dzi\u015b przypada 42. rocznica wprowadzenia stanu wojennego. O wszystkich tragicznych wydarzeniach z tego okresu nale\u017cy pami\u0119ta\u0107, wspomina\u0107, a przede wszystkim zadba\u0107, by nigdy wi\u0119cej si\u0119 nie powt\u00f3rzy\u0142y. W powiatowych uroczysto\u015bciach z okazji rocznicy udzia\u0142 we\u017amie m.in. burmistrz \u015acinawy Krystian Koszty\u0142a.<\/strong><\/p>\n","protected":false},"excerpt":{"rendered":"<p>Dzi\u015b przypada 42. rocznica wprowadzenia stanu wojennego. O wszystkich tragicznych wydarzeniach z tego okresu nale\u017cy pami\u0119ta\u0107, wspomina\u0107, a przede wszystkim<\/p>\n","protected":false},"author":3,"featured_media":30525,"comment_status":"open","ping_status":"open","sticky":false,"template":"","format":"standard","meta":{"ngg_post_thumbnail":0},"categories":[12,3],"tags":[],"_links":{"self":[{"href":"https:\/\/scinawa.pl\/index.php\/wp-json\/wp\/v2\/posts\/30524"}],"collection":[{"href":"https:\/\/scinawa.pl\/index.php\/wp-json\/wp\/v2\/posts"}],"about":[{"href":"https:\/\/scinawa.pl\/index.php\/wp-json\/wp\/v2\/types\/post"}],"author":[{"embeddable":true,"href":"https:\/\/scinawa.pl\/index.php\/wp-json\/wp\/v2\/users\/3"}],"replies":[{"embeddable":true,"href":"https:\/\/scinawa.pl\/index.php\/wp-json\/wp\/v2\/comments?post=30524"}],"version-history":[{"count":1,"href":"https:\/\/scinawa.pl\/index.php\/wp-json\/wp\/v2\/posts\/30524\/revisions"}],"predecessor-version":[{"id":30526,"href":"https:\/\/scinawa.pl\/index.php\/wp-json\/wp\/v2\/posts\/30524\/revisions\/30526"}],"wp:featuredmedia":[{"embeddable":true,"href":"https:\/\/scinawa.pl\/index.php\/wp-json\/wp\/v2\/media\/30525"}],"wp:attachment":[{"href":"https:\/\/scinawa.pl\/index.php\/wp-json\/wp\/v2\/media?parent=30524"}],"wp:term":[{"taxonomy":"category","embeddable":true,"href":"https:\/\/scinawa.pl\/index.php\/wp-json\/wp\/v2\/categories?post=30524"},{"taxonomy":"post_tag","embeddable":true,"href":"https:\/\/scinawa.pl\/index.php\/wp-json\/wp\/v2\/tags?post=30524"}],"curies":[{"name":"wp","href":"https:\/\/api.w.org\/{rel}","templated":true}]}}