{"id":30491,"date":"2023-11-30T12:17:29","date_gmt":"2023-11-30T11:17:29","guid":{"rendered":"https:\/\/scinawa.pl\/?p=30491"},"modified":"2023-11-30T12:17:29","modified_gmt":"2023-11-30T11:17:29","slug":"beda-prezenty-dla-dzieci-z-naszej-gminy","status":"publish","type":"post","link":"https:\/\/scinawa.pl\/index.php\/2023\/11\/30\/beda-prezenty-dla-dzieci-z-naszej-gminy\/","title":{"rendered":"B\u0119d\u0105 prezenty dla dzieci z naszej gminy!"},"content":{"rendered":"<p align=\"justify\"><strong>Wsp\u00f3\u0142pracuj\u0105cy z Gmin\u0105 \u015acinawa \u015awi\u0119ty Miko\u0142aj skontaktowa\u0142 si\u0119 ju\u017c z lokalnymi w\u0142adzami i ustali\u0142 terminy przekazania paczek. Tradycyjnie, w tej mi\u0142ej dla wszystkich inicjatywie, dobrego staruszka wspomog\u0105 pracownicy Centrum Turystyki i Kultury w \u015acinawie. Od 6 grudnia samorz\u0105dowe paczki trafia\u0142y b\u0119d\u0105 do dzieci z gminnych wsi, podczas spotka\u0144 w \u015bwietlicach, jedynie w Che\u0142mku Wo\u0142owskim so\u0142tys Aneta Pa\u0142ac dostarczy prezenty najm\u0142odszym bezpo\u015brednio do dom\u00f3w. Z mieszka\u0144cami \u015acinawy Miko\u0142aj spotka si\u0119 podczas Bo\u017conarodzeniowego Jarmarku (17 grudnia).<\/strong><\/p>\n<p align=\"justify\">&nbsp;<\/p>\n<p align=\"justify\"><a href=\"http:\/\/scinawa.pl\/wp-content\/uploads\/2023\/11\/mikolaj-2023.jpg\"><img decoding=\"async\" loading=\"lazy\" class=\"aligncenter size-full wp-image-30492\" src=\"http:\/\/scinawa.pl\/wp-content\/uploads\/2023\/11\/mikolaj-2023.jpg\" alt=\"\" width=\"724\" height=\"1024\" srcset=\"https:\/\/scinawa.pl\/wp-content\/uploads\/2023\/11\/mikolaj-2023.jpg 724w, https:\/\/scinawa.pl\/wp-content\/uploads\/2023\/11\/mikolaj-2023-212x300.jpg 212w, https:\/\/scinawa.pl\/wp-content\/uploads\/2023\/11\/mikolaj-2023-17x24.jpg 17w, https:\/\/scinawa.pl\/wp-content\/uploads\/2023\/11\/mikolaj-2023-25x36.jpg 25w, https:\/\/scinawa.pl\/wp-content\/uploads\/2023\/11\/mikolaj-2023-34x48.jpg 34w\" sizes=\"(max-width: 724px) 100vw, 724px\" \/><\/a><\/p>\n","protected":false},"excerpt":{"rendered":"<p>Wsp\u00f3\u0142pracuj\u0105cy z Gmin\u0105 \u015acinawa \u015awi\u0119ty Miko\u0142aj skontaktowa\u0142 si\u0119 ju\u017c z lokalnymi w\u0142adzami i ustali\u0142 terminy przekazania paczek. Tradycyjnie, w tej<\/p>\n","protected":false},"author":3,"featured_media":30493,"comment_status":"open","ping_status":"open","sticky":false,"template":"","format":"standard","meta":{"ngg_post_thumbnail":0},"categories":[12,3],"tags":[],"_links":{"self":[{"href":"https:\/\/scinawa.pl\/index.php\/wp-json\/wp\/v2\/posts\/30491"}],"collection":[{"href":"https:\/\/scinawa.pl\/index.php\/wp-json\/wp\/v2\/posts"}],"about":[{"href":"https:\/\/scinawa.pl\/index.php\/wp-json\/wp\/v2\/types\/post"}],"author":[{"embeddable":true,"href":"https:\/\/scinawa.pl\/index.php\/wp-json\/wp\/v2\/users\/3"}],"replies":[{"embeddable":true,"href":"https:\/\/scinawa.pl\/index.php\/wp-json\/wp\/v2\/comments?post=30491"}],"version-history":[{"count":1,"href":"https:\/\/scinawa.pl\/index.php\/wp-json\/wp\/v2\/posts\/30491\/revisions"}],"predecessor-version":[{"id":30494,"href":"https:\/\/scinawa.pl\/index.php\/wp-json\/wp\/v2\/posts\/30491\/revisions\/30494"}],"wp:featuredmedia":[{"embeddable":true,"href":"https:\/\/scinawa.pl\/index.php\/wp-json\/wp\/v2\/media\/30493"}],"wp:attachment":[{"href":"https:\/\/scinawa.pl\/index.php\/wp-json\/wp\/v2\/media?parent=30491"}],"wp:term":[{"taxonomy":"category","embeddable":true,"href":"https:\/\/scinawa.pl\/index.php\/wp-json\/wp\/v2\/categories?post=30491"},{"taxonomy":"post_tag","embeddable":true,"href":"https:\/\/scinawa.pl\/index.php\/wp-json\/wp\/v2\/tags?post=30491"}],"curies":[{"name":"wp","href":"https:\/\/api.w.org\/{rel}","templated":true}]}}