{"id":30387,"date":"2023-11-07T09:25:13","date_gmt":"2023-11-07T08:25:13","guid":{"rendered":"https:\/\/scinawa.pl\/?p=30387"},"modified":"2023-11-07T10:08:12","modified_gmt":"2023-11-07T09:08:12","slug":"zapraszamy-na-obchody-rocznicy-odzyskania-niepodleglosci","status":"publish","type":"post","link":"https:\/\/scinawa.pl\/index.php\/2023\/11\/07\/zapraszamy-na-obchody-rocznicy-odzyskania-niepodleglosci\/","title":{"rendered":"Zapraszamy na obchody rocznicy odzyskania niepodleg\u0142o\u015bci"},"content":{"rendered":"<p align=\"justify\"><strong>Burmistrz Krystian Koszty\u0142a oraz Centrum Turystyki i Kultury w \u015acinawie zapraszaj\u0105 wszystkich mieszka\u0144c\u00f3w do udzia\u0142u we wsp\u00f3lnych obchodach 105. rocznicy odzyskania przez Polsk\u0119 niepodleg\u0142o\u015bci. Tradycyjnie uroczysto\u015bci rozpocznie msza \u015bwi\u0119ta w intencji wolnej Ojczyzny, po nabo\u017ce\u0144stwie delegacje z\u0142o\u017c\u0105 kwiaty i wie\u0144ce pod pomnikiem pami\u0119ci w parku miejskim. Specjalny wyst\u0119p o tematyce patriotycznej przygotowa\u0142y dzieci i m\u0142odzie\u017c z grupy teatralnej \u201eZaczarowana Kurtyna\u201d, kt\u00f3ra dzia\u0142a przy CTiK.<\/strong><\/p>\n<p align=\"justify\">&nbsp;<\/p>\n<p align=\"justify\"><a href=\"http:\/\/scinawa.pl\/wp-content\/uploads\/2023\/11\/398302633_727172002785372_6268451009327130505_n.jpg\"><img decoding=\"async\" loading=\"lazy\" class=\"aligncenter size-full wp-image-30389\" src=\"http:\/\/scinawa.pl\/wp-content\/uploads\/2023\/11\/398302633_727172002785372_6268451009327130505_n.jpg\" alt=\"\" width=\"724\" height=\"1024\" srcset=\"https:\/\/scinawa.pl\/wp-content\/uploads\/2023\/11\/398302633_727172002785372_6268451009327130505_n.jpg 724w, https:\/\/scinawa.pl\/wp-content\/uploads\/2023\/11\/398302633_727172002785372_6268451009327130505_n-212x300.jpg 212w, https:\/\/scinawa.pl\/wp-content\/uploads\/2023\/11\/398302633_727172002785372_6268451009327130505_n-17x24.jpg 17w, https:\/\/scinawa.pl\/wp-content\/uploads\/2023\/11\/398302633_727172002785372_6268451009327130505_n-25x36.jpg 25w, https:\/\/scinawa.pl\/wp-content\/uploads\/2023\/11\/398302633_727172002785372_6268451009327130505_n-34x48.jpg 34w\" sizes=\"(max-width: 724px) 100vw, 724px\" \/><\/a><\/p>\n","protected":false},"excerpt":{"rendered":"<p>Burmistrz Krystian Koszty\u0142a oraz Centrum Turystyki i Kultury w \u015acinawie zapraszaj\u0105 wszystkich mieszka\u0144c\u00f3w do udzia\u0142u we wsp\u00f3lnych obchodach 105. rocznicy<\/p>\n","protected":false},"author":3,"featured_media":30388,"comment_status":"open","ping_status":"open","sticky":false,"template":"","format":"standard","meta":{"ngg_post_thumbnail":0},"categories":[12,41],"tags":[],"_links":{"self":[{"href":"https:\/\/scinawa.pl\/index.php\/wp-json\/wp\/v2\/posts\/30387"}],"collection":[{"href":"https:\/\/scinawa.pl\/index.php\/wp-json\/wp\/v2\/posts"}],"about":[{"href":"https:\/\/scinawa.pl\/index.php\/wp-json\/wp\/v2\/types\/post"}],"author":[{"embeddable":true,"href":"https:\/\/scinawa.pl\/index.php\/wp-json\/wp\/v2\/users\/3"}],"replies":[{"embeddable":true,"href":"https:\/\/scinawa.pl\/index.php\/wp-json\/wp\/v2\/comments?post=30387"}],"version-history":[{"count":1,"href":"https:\/\/scinawa.pl\/index.php\/wp-json\/wp\/v2\/posts\/30387\/revisions"}],"predecessor-version":[{"id":30390,"href":"https:\/\/scinawa.pl\/index.php\/wp-json\/wp\/v2\/posts\/30387\/revisions\/30390"}],"wp:featuredmedia":[{"embeddable":true,"href":"https:\/\/scinawa.pl\/index.php\/wp-json\/wp\/v2\/media\/30388"}],"wp:attachment":[{"href":"https:\/\/scinawa.pl\/index.php\/wp-json\/wp\/v2\/media?parent=30387"}],"wp:term":[{"taxonomy":"category","embeddable":true,"href":"https:\/\/scinawa.pl\/index.php\/wp-json\/wp\/v2\/categories?post=30387"},{"taxonomy":"post_tag","embeddable":true,"href":"https:\/\/scinawa.pl\/index.php\/wp-json\/wp\/v2\/tags?post=30387"}],"curies":[{"name":"wp","href":"https:\/\/api.w.org\/{rel}","templated":true}]}}