{"id":30187,"date":"2023-10-05T14:04:55","date_gmt":"2023-10-05T12:04:55","guid":{"rendered":"https:\/\/scinawa.pl\/?p=30187"},"modified":"2023-10-05T14:04:55","modified_gmt":"2023-10-05T12:04:55","slug":"burmistrz-wyrozniony-przez-sybirakow","status":"publish","type":"post","link":"https:\/\/scinawa.pl\/index.php\/2023\/10\/05\/burmistrz-wyrozniony-przez-sybirakow\/","title":{"rendered":"Burmistrz wyr\u00f3\u017cniony przez Sybirak\u00f3w"},"content":{"rendered":"<p align=\"justify\"><strong>W uznaniu zas\u0142ug wniesionych w dzia\u0142alno\u015b\u0107 Zwi\u0105zku Sybirak\u00f3w, w 95. rocznic\u0119 jego powstania, Zarz\u0105d Oddzia\u0142u w Legnicy wyr\u00f3\u017cni\u0142 Krystiana Koszty\u0142\u0119 medalem pami\u0105tkowym: \u201e95. rocznica powstania Zwi\u0105zku Sybirak\u00f3w\u201d. Dzi\u015b reprezentanci \u015bcinawskiego ko\u0142a, z szefow\u0105 Mari\u0105 Ko\u017cuszek na czele, przekazali burmistrzowi specjalny list, podpisany przez prezesa i sekretarza legnickich struktur zwi\u0105zku, Ryszarda Filipienko oraz Wand\u0119 Ostrowsk\u0105, a tak\u017ce wr\u0119czyli wspomniany medal.<\/strong><\/p>\n<p align=\"justify\">&nbsp;<\/p>\n<p align=\"justify\"><a href=\"http:\/\/scinawa.pl\/wp-content\/uploads\/2023\/10\/DSC_0009.jpg\"><img decoding=\"async\" loading=\"lazy\" class=\"aligncenter size-full wp-image-30188\" src=\"http:\/\/scinawa.pl\/wp-content\/uploads\/2023\/10\/DSC_0009.jpg\" alt=\"\" width=\"1024\" height=\"683\" srcset=\"https:\/\/scinawa.pl\/wp-content\/uploads\/2023\/10\/DSC_0009.jpg 1024w, https:\/\/scinawa.pl\/wp-content\/uploads\/2023\/10\/DSC_0009-300x200.jpg 300w, https:\/\/scinawa.pl\/wp-content\/uploads\/2023\/10\/DSC_0009-768x512.jpg 768w, https:\/\/scinawa.pl\/wp-content\/uploads\/2023\/10\/DSC_0009-24x16.jpg 24w, https:\/\/scinawa.pl\/wp-content\/uploads\/2023\/10\/DSC_0009-36x24.jpg 36w, https:\/\/scinawa.pl\/wp-content\/uploads\/2023\/10\/DSC_0009-48x32.jpg 48w\" sizes=\"(max-width: 1024px) 100vw, 1024px\" \/><\/a><\/p>\n","protected":false},"excerpt":{"rendered":"<p>W uznaniu zas\u0142ug wniesionych w dzia\u0142alno\u015b\u0107 Zwi\u0105zku Sybirak\u00f3w, w 95. rocznic\u0119 jego powstania, Zarz\u0105d Oddzia\u0142u w Legnicy wyr\u00f3\u017cni\u0142 Krystiana Koszty\u0142\u0119<\/p>\n","protected":false},"author":3,"featured_media":30189,"comment_status":"open","ping_status":"open","sticky":false,"template":"","format":"standard","meta":{"ngg_post_thumbnail":0},"categories":[12,3],"tags":[],"_links":{"self":[{"href":"https:\/\/scinawa.pl\/index.php\/wp-json\/wp\/v2\/posts\/30187"}],"collection":[{"href":"https:\/\/scinawa.pl\/index.php\/wp-json\/wp\/v2\/posts"}],"about":[{"href":"https:\/\/scinawa.pl\/index.php\/wp-json\/wp\/v2\/types\/post"}],"author":[{"embeddable":true,"href":"https:\/\/scinawa.pl\/index.php\/wp-json\/wp\/v2\/users\/3"}],"replies":[{"embeddable":true,"href":"https:\/\/scinawa.pl\/index.php\/wp-json\/wp\/v2\/comments?post=30187"}],"version-history":[{"count":1,"href":"https:\/\/scinawa.pl\/index.php\/wp-json\/wp\/v2\/posts\/30187\/revisions"}],"predecessor-version":[{"id":30190,"href":"https:\/\/scinawa.pl\/index.php\/wp-json\/wp\/v2\/posts\/30187\/revisions\/30190"}],"wp:featuredmedia":[{"embeddable":true,"href":"https:\/\/scinawa.pl\/index.php\/wp-json\/wp\/v2\/media\/30189"}],"wp:attachment":[{"href":"https:\/\/scinawa.pl\/index.php\/wp-json\/wp\/v2\/media?parent=30187"}],"wp:term":[{"taxonomy":"category","embeddable":true,"href":"https:\/\/scinawa.pl\/index.php\/wp-json\/wp\/v2\/categories?post=30187"},{"taxonomy":"post_tag","embeddable":true,"href":"https:\/\/scinawa.pl\/index.php\/wp-json\/wp\/v2\/tags?post=30187"}],"curies":[{"name":"wp","href":"https:\/\/api.w.org\/{rel}","templated":true}]}}