{"id":30181,"date":"2023-10-04T15:13:34","date_gmt":"2023-10-04T13:13:34","guid":{"rendered":"https:\/\/scinawa.pl\/?p=30181"},"modified":"2023-10-04T15:13:34","modified_gmt":"2023-10-04T13:13:34","slug":"rusza-budowa-odrzanskiego-centrum-produktu-lokalnego","status":"publish","type":"post","link":"https:\/\/scinawa.pl\/index.php\/2023\/10\/04\/rusza-budowa-odrzanskiego-centrum-produktu-lokalnego\/","title":{"rendered":"Rusza budowa Odrza\u0144skiego Centrum Produktu Lokalnego!"},"content":{"rendered":"<p align=\"justify\"><strong>Stowarzyszenie Lokalna Grupa Dzia\u0142ania \u201eKraina \u0141\u0119g\u00f3w Odrza\u0144skich\u201d podpisa\u0142o umow\u0119 z firm\u0105 ESP COMFORT z Prochowic na roboty w ramach budowy centrum produktu i us\u0142ug lokalnych. Inwestor przekaza\u0142 ju\u017c plac budowy wykonawcy, kt\u00f3ry prace rozpocznie jeszcze w bie\u017c\u0105cym tygodniu. Przypominamy, \u017ce obiekt powstanie na jednej z dzia\u0142ek zlokalizowanych na obszarze Strefy Aktywno\u015bci Gospodarczej w \u015acinawie, a kt\u00f3r\u0105 wcze\u015bniej stowarzyszeniu sprzeda\u0142a gmina.<\/strong><\/p>\n<p align=\"justify\">Wiosn\u0105 2021 roku LGD \u201eKraina \u0141\u0119g\u00f3w Odrza\u0144skich\u201d naby\u0142a dzia\u0142k\u0119 pod budow\u0119 centrum produktu i us\u0142ug lokalnych. Nast\u0119pnie inwestor zleci\u0142 opracowanie dokumentacji projektowej wraz funkcjonalno\u015bci\u0105 obiektu oraz wyst\u0105pi\u0142 o wymagane zgody, a tak\u017ce zabezpieczy\u0142 \u015brodki na realizacj\u0119 zadania w ramach Projektu Wsp\u00f3\u0142pracy \u201eUtworzenie Centr\u00f3w Produkt\u00f3w i Us\u0142ug Lokalnych \u2013 CENPROLOK\u201d finansowanego ze \u015brodk\u00f3w Unii Europejskiej \u2013 poddzia\u0142anie 19.3 \u201ePrzygotowanie i realizacja dzia\u0142a\u0144 w zakresie wsp\u00f3\u0142pracy z lokaln\u0105 grup\u0105 dzia\u0142ania\u201d \u2013 \u201eWsparcie dla rozwoju lokalnego w ramach inicjatywy LEADER\u201d, obj\u0119tego Programem Rozwoju Obszar\u00f3w Wiejskich na lata 2014-2020.<\/p>\n<p align=\"justify\">\u2013 Przygotowania do rozpocz\u0119cia inwestycji trwa\u0142y do\u015b\u0107 d\u0142ugo, gdy\u017c projekt zrzesza 4 lokalne grupy dzia\u0142ania, kt\u00f3re do niego do\u0142\u0105cza\u0142y i opracowywa\u0142y niezb\u0119dn\u0105 dokumentacj\u0119. Nam zale\u017ca\u0142o jednak, by pozyska\u0107 kolejnych partner\u00f3w, gdy\u017c silna grupa ma wi\u0119ksz\u0105 si\u0142\u0119 przebicia. Pozyskiwanie finansowania, to do\u015b\u0107 skomplikowana procedura, kt\u00f3ra niesie ze sob\u0105 pewne uzupe\u0142nienia, poprawki oraz zmiany, a w przypadku naszego przedsi\u0119wzi\u0119cia wszystko dotyczy\u0142o \u0142\u0105cznie 4 podmiot\u00f3w. Oczywi\u015bcie \u015brodki otrzymuje si\u0119 na zasadzie refundacji, dlatego musieli\u015bmy r\u00f3wnie\u017c wyst\u0105pi\u0107 o po\u017cyczk\u0119 \u2013 t\u0142umaczy Jaros\u0142aw Paczkowski, prezes \u201eKrainy \u0141\u0119g\u00f3w Odrza\u0144skich\u201d.<\/p>\n<p align=\"justify\">Budowa samego obiektu o konstrukcji szkieletowej na SAG w \u015acinawie, ma zako\u0144czy\u0107 si\u0119 w marcu przysz\u0142ego roku, a koszt zleconej inwestycji to kwota oko\u0142o 1,6 mln z\u0142. Warto doda\u0107, \u017ce inwestor pozyska\u0142 tak\u017ce dotacj\u0119 na realizacj\u0119 tzw. operacji w\u0142asnej wysoko\u015bci 0,5 mln z\u0142, kt\u00f3ra zostanie przeznaczona na zagospodarowanie terenu przy budowanym centrum. Tak wi\u0119c \u0142\u0105cznie we wcze\u015bniej kupiony od gminy grunt zainwestowane zostanie w najbli\u017cszym czasie ponad 2 mln z\u0142!<\/p>\n<p align=\"justify\">W ramach wsp\u00f3lnego projektu \u201eUtworzenie Centr\u00f3w Produkt\u00f3w i Us\u0142ug Lokalnych \u2013 CENPROLOK\u201d podobne obiekty powstan\u0105 jednocze\u015bnie w:<br \/>\n\u2013 miejscowo\u015bci Chocian\u00f3w,<br \/>\n\u2013 miejscowo\u015bci \u015acinawa,<br \/>\n\u2013 miejscowo\u015bci Podg\u00f3rzyn,<br \/>\n\u2013 miejscowo\u015bci Dobk\u00f3w (Gmina \u015awierzawa).<\/p>\n<p align=\"justify\">Z za\u0142o\u017cenia centra produkt\u00f3w i us\u0142ug lokalnych pozwol\u0105 na rozw\u00f3j to\u017csamo\u015bci spo\u0142eczno\u015bci wiejskiej, zachowanie dziedzictwa kulturowego i specyfiki obszar\u00f3w wiejskich oraz wp\u0142yn\u0105 na wzrost atrakcyjno\u015bci turystycznej, jak r\u00f3wnie\u017c inwestycyjnej obszar\u00f3w wiejskich.<\/p>\n<p>Zdj\u0119cie i wizualizacje: Facebook Kraina \u0141\u0119g\u00f3w Odrza\u0144skich<\/p>\n<p><a href=\"http:\/\/scinawa.pl\/wp-content\/uploads\/2023\/10\/2-1.jpg\"><img decoding=\"async\" loading=\"lazy\" class=\"aligncenter size-full wp-image-30182\" src=\"http:\/\/scinawa.pl\/wp-content\/uploads\/2023\/10\/2-1.jpg\" alt=\"\" width=\"1004\" height=\"759\" srcset=\"https:\/\/scinawa.pl\/wp-content\/uploads\/2023\/10\/2-1.jpg 1004w, https:\/\/scinawa.pl\/wp-content\/uploads\/2023\/10\/2-1-300x227.jpg 300w, https:\/\/scinawa.pl\/wp-content\/uploads\/2023\/10\/2-1-768x581.jpg 768w, https:\/\/scinawa.pl\/wp-content\/uploads\/2023\/10\/2-1-24x18.jpg 24w, https:\/\/scinawa.pl\/wp-content\/uploads\/2023\/10\/2-1-36x27.jpg 36w, https:\/\/scinawa.pl\/wp-content\/uploads\/2023\/10\/2-1-48x36.jpg 48w\" sizes=\"(max-width: 1004px) 100vw, 1004px\" \/><\/a><\/p>\n<p><a href=\"http:\/\/scinawa.pl\/wp-content\/uploads\/2023\/10\/3-1.jpg\"><img decoding=\"async\" loading=\"lazy\" class=\"aligncenter size-full wp-image-30183\" src=\"http:\/\/scinawa.pl\/wp-content\/uploads\/2023\/10\/3-1.jpg\" alt=\"\" width=\"2048\" height=\"1536\" srcset=\"https:\/\/scinawa.pl\/wp-content\/uploads\/2023\/10\/3-1.jpg 2048w, https:\/\/scinawa.pl\/wp-content\/uploads\/2023\/10\/3-1-300x225.jpg 300w, https:\/\/scinawa.pl\/wp-content\/uploads\/2023\/10\/3-1-1024x768.jpg 1024w, https:\/\/scinawa.pl\/wp-content\/uploads\/2023\/10\/3-1-768x576.jpg 768w, https:\/\/scinawa.pl\/wp-content\/uploads\/2023\/10\/3-1-1536x1152.jpg 1536w, https:\/\/scinawa.pl\/wp-content\/uploads\/2023\/10\/3-1-24x18.jpg 24w, https:\/\/scinawa.pl\/wp-content\/uploads\/2023\/10\/3-1-36x27.jpg 36w, https:\/\/scinawa.pl\/wp-content\/uploads\/2023\/10\/3-1-48x36.jpg 48w\" sizes=\"(max-width: 2048px) 100vw, 2048px\" \/><\/a><\/p>\n<p><a href=\"http:\/\/scinawa.pl\/wp-content\/uploads\/2023\/10\/4.jpg\"><img decoding=\"async\" loading=\"lazy\" class=\"aligncenter size-full wp-image-30184\" src=\"http:\/\/scinawa.pl\/wp-content\/uploads\/2023\/10\/4.jpg\" alt=\"\" width=\"2048\" height=\"1536\" srcset=\"https:\/\/scinawa.pl\/wp-content\/uploads\/2023\/10\/4.jpg 2048w, https:\/\/scinawa.pl\/wp-content\/uploads\/2023\/10\/4-300x225.jpg 300w, https:\/\/scinawa.pl\/wp-content\/uploads\/2023\/10\/4-1024x768.jpg 1024w, https:\/\/scinawa.pl\/wp-content\/uploads\/2023\/10\/4-768x576.jpg 768w, https:\/\/scinawa.pl\/wp-content\/uploads\/2023\/10\/4-1536x1152.jpg 1536w, https:\/\/scinawa.pl\/wp-content\/uploads\/2023\/10\/4-24x18.jpg 24w, https:\/\/scinawa.pl\/wp-content\/uploads\/2023\/10\/4-36x27.jpg 36w, https:\/\/scinawa.pl\/wp-content\/uploads\/2023\/10\/4-48x36.jpg 48w\" sizes=\"(max-width: 2048px) 100vw, 2048px\" \/><\/a><\/p>\n","protected":false},"excerpt":{"rendered":"<p>Stowarzyszenie Lokalna Grupa Dzia\u0142ania \u201eKraina \u0141\u0119g\u00f3w Odrza\u0144skich\u201d podpisa\u0142o umow\u0119 z firm\u0105 ESP COMFORT z Prochowic na roboty w ramach budowy<\/p>\n","protected":false},"author":3,"featured_media":30185,"comment_status":"open","ping_status":"open","sticky":false,"template":"","format":"standard","meta":{"ngg_post_thumbnail":0},"categories":[12,3],"tags":[726],"_links":{"self":[{"href":"https:\/\/scinawa.pl\/index.php\/wp-json\/wp\/v2\/posts\/30181"}],"collection":[{"href":"https:\/\/scinawa.pl\/index.php\/wp-json\/wp\/v2\/posts"}],"about":[{"href":"https:\/\/scinawa.pl\/index.php\/wp-json\/wp\/v2\/types\/post"}],"author":[{"embeddable":true,"href":"https:\/\/scinawa.pl\/index.php\/wp-json\/wp\/v2\/users\/3"}],"replies":[{"embeddable":true,"href":"https:\/\/scinawa.pl\/index.php\/wp-json\/wp\/v2\/comments?post=30181"}],"version-history":[{"count":1,"href":"https:\/\/scinawa.pl\/index.php\/wp-json\/wp\/v2\/posts\/30181\/revisions"}],"predecessor-version":[{"id":30186,"href":"https:\/\/scinawa.pl\/index.php\/wp-json\/wp\/v2\/posts\/30181\/revisions\/30186"}],"wp:featuredmedia":[{"embeddable":true,"href":"https:\/\/scinawa.pl\/index.php\/wp-json\/wp\/v2\/media\/30185"}],"wp:attachment":[{"href":"https:\/\/scinawa.pl\/index.php\/wp-json\/wp\/v2\/media?parent=30181"}],"wp:term":[{"taxonomy":"category","embeddable":true,"href":"https:\/\/scinawa.pl\/index.php\/wp-json\/wp\/v2\/categories?post=30181"},{"taxonomy":"post_tag","embeddable":true,"href":"https:\/\/scinawa.pl\/index.php\/wp-json\/wp\/v2\/tags?post=30181"}],"curies":[{"name":"wp","href":"https:\/\/api.w.org\/{rel}","templated":true}]}}