{"id":30153,"date":"2023-09-28T11:43:31","date_gmt":"2023-09-28T09:43:31","guid":{"rendered":"https:\/\/scinawa.pl\/?p=30153"},"modified":"2023-09-28T11:43:31","modified_gmt":"2023-09-28T09:43:31","slug":"informacje-dla-mieszkancow-wybory-2023","status":"publish","type":"post","link":"https:\/\/scinawa.pl\/index.php\/2023\/09\/28\/informacje-dla-mieszkancow-wybory-2023\/","title":{"rendered":"Informacje dla mieszka\u0144c\u00f3w \u2013 WYBORY 2023"},"content":{"rendered":"<p align=\"justify\"><strong>W niedziel\u0119 15 pa\u017adziernika 2023 r. odb\u0119d\u0105 si\u0119 Wybory do Sejmu i Senatu. Burmistrz \u015acinawy poinformowa\u0142 o numerach oraz granicach obwod\u00f3w g\u0142osowania oraz wyznaczonych siedzibach obwodowych komisji wyborczych.<\/strong><\/p>\n<p align=\"justify\">W stosunku do poprzednich wybor\u00f3w, w gminie \u015acinawa utworzono 4 nowe obwody, w tym jeden odr\u0119bny, w kt\u00f3rym g\u0142osowa\u0107 b\u0119d\u0105 jedynie pacjenci O\u015brodka Alzheimerowskiego w \u015acinawie. Pozosta\u0142e nowe obwody zlokalizowane s\u0105 w \u015bwietlicach wiejskich w: Dzies\u0142awiu (g\u0142osowa\u0107 b\u0119d\u0105 mieszka\u0144cy Dzies\u0142awia), Lasowicach (g\u0142osowa\u0107 b\u0119d\u0105 mieszka\u0144cy Lasowic) oraz Wielowsi (g\u0142osowa\u0107 b\u0119d\u0105 mieszka\u0144cy Wielowsi i Redlic).<br \/>\nZmiany w dotychczasowych obwodach:<br \/>\n&#8211; w \u015bwietlicy w Parszowicach g\u0142osowa\u0107 b\u0119d\u0105 mieszka\u0144cy Parszowic i Sitna;<br \/>\n&#8211; w Szkole Podstawowej w Tymowej g\u0142osowa\u0107 b\u0119d\u0105 mieszka\u0144cy Tymowej, Che\u0142mka Wo\u0142owskiego i D\u0119bca;<br \/>\n&#8211; w \u015bwietlicy w Przychowej g\u0142osowa\u0107 b\u0119d\u0105 mieszka\u0144cy Przychowej i Buszkowic.<\/p>\n<p align=\"justify\">Pe\u0142en wykaz lokali wyborczych w Obwieszczeniu Burmistrza \u015acinawy z dnia 12 wrze\u015bnia 2023 r.:<\/p>\n<p align=\"justify\"><a href=\"http:\/\/scinawa.pl\/wp-content\/uploads\/2023\/09\/Owieszczenie-o-granicach-obwodu-glosowania-2_page-0001.jpg\"><img decoding=\"async\" loading=\"lazy\" class=\"aligncenter size-full wp-image-30154\" src=\"http:\/\/scinawa.pl\/wp-content\/uploads\/2023\/09\/Owieszczenie-o-granicach-obwodu-glosowania-2_page-0001.jpg\" alt=\"\" width=\"1755\" height=\"2481\" srcset=\"https:\/\/scinawa.pl\/wp-content\/uploads\/2023\/09\/Owieszczenie-o-granicach-obwodu-glosowania-2_page-0001.jpg 1755w, https:\/\/scinawa.pl\/wp-content\/uploads\/2023\/09\/Owieszczenie-o-granicach-obwodu-glosowania-2_page-0001-212x300.jpg 212w, https:\/\/scinawa.pl\/wp-content\/uploads\/2023\/09\/Owieszczenie-o-granicach-obwodu-glosowania-2_page-0001-724x1024.jpg 724w, https:\/\/scinawa.pl\/wp-content\/uploads\/2023\/09\/Owieszczenie-o-granicach-obwodu-glosowania-2_page-0001-768x1086.jpg 768w, https:\/\/scinawa.pl\/wp-content\/uploads\/2023\/09\/Owieszczenie-o-granicach-obwodu-glosowania-2_page-0001-1087x1536.jpg 1087w, https:\/\/scinawa.pl\/wp-content\/uploads\/2023\/09\/Owieszczenie-o-granicach-obwodu-glosowania-2_page-0001-1449x2048.jpg 1449w, https:\/\/scinawa.pl\/wp-content\/uploads\/2023\/09\/Owieszczenie-o-granicach-obwodu-glosowania-2_page-0001-17x24.jpg 17w, https:\/\/scinawa.pl\/wp-content\/uploads\/2023\/09\/Owieszczenie-o-granicach-obwodu-glosowania-2_page-0001-25x36.jpg 25w, https:\/\/scinawa.pl\/wp-content\/uploads\/2023\/09\/Owieszczenie-o-granicach-obwodu-glosowania-2_page-0001-34x48.jpg 34w\" sizes=\"(max-width: 1755px) 100vw, 1755px\" \/><\/a><a href=\"http:\/\/scinawa.pl\/wp-content\/uploads\/2023\/09\/Owieszczenie-o-granicach-obwodu-glosowania-2_page-0002.jpg\"><img decoding=\"async\" loading=\"lazy\" class=\"aligncenter size-full wp-image-30155\" src=\"http:\/\/scinawa.pl\/wp-content\/uploads\/2023\/09\/Owieszczenie-o-granicach-obwodu-glosowania-2_page-0002.jpg\" alt=\"\" width=\"1755\" height=\"2481\" srcset=\"https:\/\/scinawa.pl\/wp-content\/uploads\/2023\/09\/Owieszczenie-o-granicach-obwodu-glosowania-2_page-0002.jpg 1755w, https:\/\/scinawa.pl\/wp-content\/uploads\/2023\/09\/Owieszczenie-o-granicach-obwodu-glosowania-2_page-0002-212x300.jpg 212w, https:\/\/scinawa.pl\/wp-content\/uploads\/2023\/09\/Owieszczenie-o-granicach-obwodu-glosowania-2_page-0002-724x1024.jpg 724w, https:\/\/scinawa.pl\/wp-content\/uploads\/2023\/09\/Owieszczenie-o-granicach-obwodu-glosowania-2_page-0002-768x1086.jpg 768w, https:\/\/scinawa.pl\/wp-content\/uploads\/2023\/09\/Owieszczenie-o-granicach-obwodu-glosowania-2_page-0002-1087x1536.jpg 1087w, https:\/\/scinawa.pl\/wp-content\/uploads\/2023\/09\/Owieszczenie-o-granicach-obwodu-glosowania-2_page-0002-1449x2048.jpg 1449w, https:\/\/scinawa.pl\/wp-content\/uploads\/2023\/09\/Owieszczenie-o-granicach-obwodu-glosowania-2_page-0002-17x24.jpg 17w, https:\/\/scinawa.pl\/wp-content\/uploads\/2023\/09\/Owieszczenie-o-granicach-obwodu-glosowania-2_page-0002-25x36.jpg 25w, https:\/\/scinawa.pl\/wp-content\/uploads\/2023\/09\/Owieszczenie-o-granicach-obwodu-glosowania-2_page-0002-34x48.jpg 34w\" sizes=\"(max-width: 1755px) 100vw, 1755px\" \/><\/a><\/p>\n","protected":false},"excerpt":{"rendered":"<p>W niedziel\u0119 15 pa\u017adziernika 2023 r. odb\u0119d\u0105 si\u0119 Wybory do Sejmu i Senatu. Burmistrz \u015acinawy poinformowa\u0142 o numerach oraz granicach<\/p>\n","protected":false},"author":3,"featured_media":30156,"comment_status":"open","ping_status":"open","sticky":false,"template":"","format":"standard","meta":{"ngg_post_thumbnail":0},"categories":[12,3],"tags":[],"_links":{"self":[{"href":"https:\/\/scinawa.pl\/index.php\/wp-json\/wp\/v2\/posts\/30153"}],"collection":[{"href":"https:\/\/scinawa.pl\/index.php\/wp-json\/wp\/v2\/posts"}],"about":[{"href":"https:\/\/scinawa.pl\/index.php\/wp-json\/wp\/v2\/types\/post"}],"author":[{"embeddable":true,"href":"https:\/\/scinawa.pl\/index.php\/wp-json\/wp\/v2\/users\/3"}],"replies":[{"embeddable":true,"href":"https:\/\/scinawa.pl\/index.php\/wp-json\/wp\/v2\/comments?post=30153"}],"version-history":[{"count":1,"href":"https:\/\/scinawa.pl\/index.php\/wp-json\/wp\/v2\/posts\/30153\/revisions"}],"predecessor-version":[{"id":30157,"href":"https:\/\/scinawa.pl\/index.php\/wp-json\/wp\/v2\/posts\/30153\/revisions\/30157"}],"wp:featuredmedia":[{"embeddable":true,"href":"https:\/\/scinawa.pl\/index.php\/wp-json\/wp\/v2\/media\/30156"}],"wp:attachment":[{"href":"https:\/\/scinawa.pl\/index.php\/wp-json\/wp\/v2\/media?parent=30153"}],"wp:term":[{"taxonomy":"category","embeddable":true,"href":"https:\/\/scinawa.pl\/index.php\/wp-json\/wp\/v2\/categories?post=30153"},{"taxonomy":"post_tag","embeddable":true,"href":"https:\/\/scinawa.pl\/index.php\/wp-json\/wp\/v2\/tags?post=30153"}],"curies":[{"name":"wp","href":"https:\/\/api.w.org\/{rel}","templated":true}]}}