{"id":29999,"date":"2023-09-06T15:09:37","date_gmt":"2023-09-06T13:09:37","guid":{"rendered":"https:\/\/scinawa.pl\/?p=29999"},"modified":"2023-09-06T15:09:37","modified_gmt":"2023-09-06T13:09:37","slug":"szkolenie-dla-rodzicow-zastepczych","status":"publish","type":"post","link":"https:\/\/scinawa.pl\/index.php\/2023\/09\/06\/szkolenie-dla-rodzicow-zastepczych\/","title":{"rendered":"Szkolenie dla rodzic\u00f3w zast\u0119pczych"},"content":{"rendered":"<p align=\"justify\"><strong>Powiatowy O\u015brodek Pieczy Zast\u0119pczej w Lubinie &#8211; Organizator Rodzinnej Pieczy Zast\u0119pczej zaprasza na bezp\u0142atne szkolenie dla kandydat\u00f3w na: rodzica zast\u0119pczego, prowadz\u0105cego rodzinny dom dziecka oraz dyrektora plac\u00f3wki opieku\u0144czo-wychowawczej. Szkolenie rozpoczyna si\u0119 23 wrze\u015bnia br. Wi\u0119cej informacji:<a href=\"https:\/\/popz.powiat-lubin.pl\/szkolenia\/kandydaci-rodzice\/\"> https:\/\/popz.powiat-lubin.pl\/szkolenia\/kandydaci-rodzice\/<\/a>. Zaj\u0119cia odbywa\u0142y si\u0119 b\u0119d\u0105 w trybie weekendowym.<\/strong><\/p>\n<p align=\"justify\">Osoby zainteresowane zapraszamy do Powiatowego O\u015brodka Pieczy Zast\u0119pczej w Lubinie &#8211; Organizatora Rodzinnej Pieczy Zast\u0119pczej, gdzie uzyskaj\u0105 Pa\u0144stwo wszelkie niezb\u0119dne informacje na temat szkolenia. Pracownicy wyja\u015bni\u0105 wszelkie kwestie zwi\u0105zane z pe\u0142nieniem funkcji rodziny zast\u0119pczej dla dzieci pozbawionych opieki rodzicielskiej.<\/p>\n<p align=\"justify\">&nbsp;<\/p>\n<p align=\"justify\"><a href=\"http:\/\/scinawa.pl\/wp-content\/uploads\/2023\/09\/SZKOLENIE-23-\u2014-kopia.jpg\"><img decoding=\"async\" loading=\"lazy\" class=\"aligncenter size-full wp-image-30000\" src=\"http:\/\/scinawa.pl\/wp-content\/uploads\/2023\/09\/SZKOLENIE-23-\u2014-kopia.jpg\" alt=\"\" width=\"794\" height=\"1123\" srcset=\"https:\/\/scinawa.pl\/wp-content\/uploads\/2023\/09\/SZKOLENIE-23-\u2014-kopia.jpg 794w, https:\/\/scinawa.pl\/wp-content\/uploads\/2023\/09\/SZKOLENIE-23-\u2014-kopia-212x300.jpg 212w, https:\/\/scinawa.pl\/wp-content\/uploads\/2023\/09\/SZKOLENIE-23-\u2014-kopia-724x1024.jpg 724w, https:\/\/scinawa.pl\/wp-content\/uploads\/2023\/09\/SZKOLENIE-23-\u2014-kopia-768x1086.jpg 768w, https:\/\/scinawa.pl\/wp-content\/uploads\/2023\/09\/SZKOLENIE-23-\u2014-kopia-17x24.jpg 17w, https:\/\/scinawa.pl\/wp-content\/uploads\/2023\/09\/SZKOLENIE-23-\u2014-kopia-25x36.jpg 25w, https:\/\/scinawa.pl\/wp-content\/uploads\/2023\/09\/SZKOLENIE-23-\u2014-kopia-34x48.jpg 34w\" sizes=\"(max-width: 794px) 100vw, 794px\" \/><\/a><\/p>\n","protected":false},"excerpt":{"rendered":"<p>Powiatowy O\u015brodek Pieczy Zast\u0119pczej w Lubinie &#8211; Organizator Rodzinnej Pieczy Zast\u0119pczej zaprasza na bezp\u0142atne szkolenie dla kandydat\u00f3w na: rodzica zast\u0119pczego,<\/p>\n","protected":false},"author":3,"featured_media":30001,"comment_status":"open","ping_status":"open","sticky":false,"template":"","format":"standard","meta":{"ngg_post_thumbnail":0},"categories":[12,3],"tags":[],"_links":{"self":[{"href":"https:\/\/scinawa.pl\/index.php\/wp-json\/wp\/v2\/posts\/29999"}],"collection":[{"href":"https:\/\/scinawa.pl\/index.php\/wp-json\/wp\/v2\/posts"}],"about":[{"href":"https:\/\/scinawa.pl\/index.php\/wp-json\/wp\/v2\/types\/post"}],"author":[{"embeddable":true,"href":"https:\/\/scinawa.pl\/index.php\/wp-json\/wp\/v2\/users\/3"}],"replies":[{"embeddable":true,"href":"https:\/\/scinawa.pl\/index.php\/wp-json\/wp\/v2\/comments?post=29999"}],"version-history":[{"count":1,"href":"https:\/\/scinawa.pl\/index.php\/wp-json\/wp\/v2\/posts\/29999\/revisions"}],"predecessor-version":[{"id":30002,"href":"https:\/\/scinawa.pl\/index.php\/wp-json\/wp\/v2\/posts\/29999\/revisions\/30002"}],"wp:featuredmedia":[{"embeddable":true,"href":"https:\/\/scinawa.pl\/index.php\/wp-json\/wp\/v2\/media\/30001"}],"wp:attachment":[{"href":"https:\/\/scinawa.pl\/index.php\/wp-json\/wp\/v2\/media?parent=29999"}],"wp:term":[{"taxonomy":"category","embeddable":true,"href":"https:\/\/scinawa.pl\/index.php\/wp-json\/wp\/v2\/categories?post=29999"},{"taxonomy":"post_tag","embeddable":true,"href":"https:\/\/scinawa.pl\/index.php\/wp-json\/wp\/v2\/tags?post=29999"}],"curies":[{"name":"wp","href":"https:\/\/api.w.org\/{rel}","templated":true}]}}