{"id":29893,"date":"2023-08-25T13:17:58","date_gmt":"2023-08-25T11:17:58","guid":{"rendered":"https:\/\/scinawa.pl\/?p=29893"},"modified":"2023-08-25T13:17:58","modified_gmt":"2023-08-25T11:17:58","slug":"media-przypominaja-o-wysokiej-pozycji-gminy-scinawa","status":"publish","type":"post","link":"https:\/\/scinawa.pl\/index.php\/2023\/08\/25\/media-przypominaja-o-wysokiej-pozycji-gminy-scinawa\/","title":{"rendered":"Media przypominaj\u0105 o wysokiej pozycji Gminy \u015acinawa!"},"content":{"rendered":"<p align=\"justify\"><strong>W ostatnim Rankingu Gmin Wojew\u00f3dztwa Dolno\u015bl\u0105skiego przygotowanym przez Fundacj\u0119 Rozwoju Demokracji Lokalnej we wsp\u00f3\u0142pracy z G\u0142\u00f3wnym Urz\u0119dem Statystycznym \u015acinawa uplasowa\u0142a si\u0119 na bardzo wysokim II miejscu. Z pocz\u0105tkiem bie\u017c\u0105cego tygodnia w regionalnych mediach ponownie wspomniano o tym fakcie, temat od\u015bwie\u017cy\u0142a m.in. Gazeta Wroc\u0142awska w artykule zatytu\u0142owanym <a href=\"https:\/\/gazetawroclawska.pl\/10-malych-gmin-na-dolnym-slasku-idealnych-do-zycia-blyskawicznie-sie-rozwijaja\/ar\/c3-17139135\">\u201e10 ma\u0142ych gmin na Dolnym \u015al\u0105sku idealnych do \u017cycia &#8211; b\u0142yskawicznie si\u0119 rozwijaj\u0105!\u201d<\/a> <\/strong><\/p>\n<p align=\"justify\">Autorzy przedmiotowego zestawienia z FRDL zapowiadaj\u0105, \u017ce w tym roku ranking planuj\u0105 zrealizowa\u0107 w listopadzie.<\/p>\n<p align=\"justify\">\u2013 Czekamy na kolejn\u0105 ods\u0142on\u0119, wed\u0142ug mnie bardzo obiektywnego por\u00f3wnania dolno\u015bl\u0105skich samorz\u0105d\u00f3w, poniewa\u017c bior\u0105cego pod uwag\u0119 a\u017c 16 r\u00f3\u017cnych wska\u017anik\u00f3w wp\u0142ywaj\u0105cych na ocen\u0119 naszych ma\u0142ych ojczyzn \u2013 komentuje burmistrz Koszty\u0142a. \u2013 To wa\u017cne, kiedy analizuje si\u0119 kryteria z kilku sfer: gospodarczej, spo\u0142ecznej, \u015brodowiskowej oraz przestrzennej, mamy w\u00f3wczas pe\u0142niejszy obraz, dla mnie osobi\u015bcie ka\u017cde wyr\u00f3\u017cnienie jest jeszcze wi\u0119ksz\u0105 motywacj\u0105 do dalszego dzia\u0142ania \u2013 dodaje szef gminy.<\/p>\n<p align=\"justify\">\u015acinawa w ostatniej edycji zestawienia znalaz\u0142a si\u0119 na wysokim 2 miejscu. W grudniu laury w Dolno\u015bl\u0105skim Urz\u0119dzie Wojew\u00f3dzkim odbiera\u0142 osobi\u015bcie burmistrz \u015acinawy, o wydarzeniu tym pisali\u015bmy w artykule <a href=\"https:\/\/scinawa.pl\/index.php\/2022\/12\/19\/gmina-scinawa-z-kolejnym-wyroznieniem-foto\/\">Gmina \u015acinawa z kolejnym wyr\u00f3\u017cnieniem! (FOTO) .<\/a><\/p>\n","protected":false},"excerpt":{"rendered":"<p>W ostatnim Rankingu Gmin Wojew\u00f3dztwa Dolno\u015bl\u0105skiego przygotowanym przez Fundacj\u0119 Rozwoju Demokracji Lokalnej we wsp\u00f3\u0142pracy z G\u0142\u00f3wnym Urz\u0119dem Statystycznym \u015acinawa uplasowa\u0142a<\/p>\n","protected":false},"author":2,"featured_media":29896,"comment_status":"open","ping_status":"open","sticky":false,"template":"","format":"standard","meta":{"ngg_post_thumbnail":0},"categories":[12,3,4],"tags":[1711,1710,182],"_links":{"self":[{"href":"https:\/\/scinawa.pl\/index.php\/wp-json\/wp\/v2\/posts\/29893"}],"collection":[{"href":"https:\/\/scinawa.pl\/index.php\/wp-json\/wp\/v2\/posts"}],"about":[{"href":"https:\/\/scinawa.pl\/index.php\/wp-json\/wp\/v2\/types\/post"}],"author":[{"embeddable":true,"href":"https:\/\/scinawa.pl\/index.php\/wp-json\/wp\/v2\/users\/2"}],"replies":[{"embeddable":true,"href":"https:\/\/scinawa.pl\/index.php\/wp-json\/wp\/v2\/comments?post=29893"}],"version-history":[{"count":2,"href":"https:\/\/scinawa.pl\/index.php\/wp-json\/wp\/v2\/posts\/29893\/revisions"}],"predecessor-version":[{"id":29895,"href":"https:\/\/scinawa.pl\/index.php\/wp-json\/wp\/v2\/posts\/29893\/revisions\/29895"}],"wp:featuredmedia":[{"embeddable":true,"href":"https:\/\/scinawa.pl\/index.php\/wp-json\/wp\/v2\/media\/29896"}],"wp:attachment":[{"href":"https:\/\/scinawa.pl\/index.php\/wp-json\/wp\/v2\/media?parent=29893"}],"wp:term":[{"taxonomy":"category","embeddable":true,"href":"https:\/\/scinawa.pl\/index.php\/wp-json\/wp\/v2\/categories?post=29893"},{"taxonomy":"post_tag","embeddable":true,"href":"https:\/\/scinawa.pl\/index.php\/wp-json\/wp\/v2\/tags?post=29893"}],"curies":[{"name":"wp","href":"https:\/\/api.w.org\/{rel}","templated":true}]}}