{"id":29788,"date":"2023-08-10T11:24:39","date_gmt":"2023-08-10T09:24:39","guid":{"rendered":"https:\/\/scinawa.pl\/?p=29788"},"modified":"2023-08-10T11:24:39","modified_gmt":"2023-08-10T09:24:39","slug":"granty-na-koncepcje-inteligentnych-wsi","status":"publish","type":"post","link":"https:\/\/scinawa.pl\/index.php\/2023\/08\/10\/granty-na-koncepcje-inteligentnych-wsi\/","title":{"rendered":"Granty na koncepcje inteligentnych wsi"},"content":{"rendered":"<p align=\"justify\"><strong>Trwa nab\u00f3r grantobiorc\u00f3w na opracowanie koncepcji Smart Village, czyli inteligentnej wsi. Do ko\u0144ca sierpnia zainteresowane spo\u0142eczno\u015bci mog\u0105 z\u0142o\u017cy\u0107 do Stowarzyszenia Lokalna Grupa Dzia\u0142ania \u201cKraina \u0141\u0119g\u00f3w Odrza\u0144skich\u201d wnioski o dotacje.<\/strong><\/p>\n<p align=\"justify\">Smart Village to oddolne koncepcje rozwoju w skali mikro, na obszarach zamieszkanych przez nie wi\u0119cej ni\u017c 20 tysi\u0119cy mieszka\u0144c\u00f3w (jednej lub kilku miejscowo\u015bci), maj\u0105ce na celu wypracowanie efektywnych i niestandardowych rozwi\u0105za\u0144 miejscowych problem\u00f3w, dzi\u0119ki innowacyjnemu podej\u015bciu, w tym przy u\u017cyciu technologii cyfrowych lub lepszemu wykorzystaniu wiedzy, z korzy\u015bci\u0105 dla lokalnej spo\u0142eczno\u015bci, m.in. na rzecz:<br \/>\n* poprawy jako\u015bci \u017cycia,<br \/>\n* podniesienia jako\u015bci us\u0142ug lokalnych,<br \/>\n* poprawy bezpiecze\u0144stwa,<br \/>\n* poszanowania \u015brodowiska i klimatu,<br \/>\n* problem\u00f3w dotycz\u0105cych niedoinwestowania, starzej\u0105cego si\u0119 spo\u0142ecze\u0144stwa, wyludnienia, niewystarczaj\u0105cej ilo\u015bci miejsc pracy czy przepa\u015bci cyfrowej.<\/p>\n<p align=\"justify\">Grant o warto\u015bci 4 tys. z\u0142 na przygotowanie koncepcji mo\u017ce by\u0107 udzielony grantobiorcy z obszaru obj\u0119tego t\u0105 koncepcj\u0105, kt\u00f3ry zrealizuje zadanie w partnerstwie z co najmniej jednym podmiotem z tego obszaru.<br \/>\nSzczeg\u00f3\u0142y naboru znajduj\u0105 si\u0119 pod tym adresem: <a href=\"https:\/\/lgdodra.pl\/nabory\/nabory-2023\/nabor-1-2023-g-grant-smart-village-p-iv\/\">TUTAJ<\/a>.<\/p>\n<p align=\"justify\">Koncepcje maj\u0105 oczywi\u015bcie wdra\u017ca\u0107 inteligentne rozwi\u0105zania, jednak same w sobie s\u0105 nowym rozwi\u0105zaniem. Dlatego LGD K\u0141O zebra\u0142o gar\u015b\u0107 materia\u0142\u00f3w i inspiracji dot. inteligentnych wsi w Polsce i w Europie i zach\u0119ca do korzystania z nich. Wystarczy zapozna\u0107 si\u0119 z tym artyku\u0142em: <a href=\"https:\/\/lgdodra.pl\/2023\/08\/inspiracje-smart-village\/\">TUTAJ<\/a>.<\/p>\n<p align=\"justify\">Wi\u0119cej informacji w biurze Stowarzyszenia Lokalna Grupa Dzia\u0142ania \u201cKraina \u0141\u0119g\u00f3w Odrza\u0144skich\u201d: ul. Rynek 5b \u015acinawa.<\/p>\n<p>\u0179r\u00f3d\u0142o: LGD K\u0141O<\/p>\n","protected":false},"excerpt":{"rendered":"<p>Trwa nab\u00f3r grantobiorc\u00f3w na opracowanie koncepcji Smart Village, czyli inteligentnej wsi. Do ko\u0144ca sierpnia zainteresowane spo\u0142eczno\u015bci mog\u0105 z\u0142o\u017cy\u0107 do Stowarzyszenia<\/p>\n","protected":false},"author":3,"featured_media":29789,"comment_status":"open","ping_status":"open","sticky":false,"template":"","format":"standard","meta":{"ngg_post_thumbnail":0},"categories":[12,3],"tags":[999,726],"_links":{"self":[{"href":"https:\/\/scinawa.pl\/index.php\/wp-json\/wp\/v2\/posts\/29788"}],"collection":[{"href":"https:\/\/scinawa.pl\/index.php\/wp-json\/wp\/v2\/posts"}],"about":[{"href":"https:\/\/scinawa.pl\/index.php\/wp-json\/wp\/v2\/types\/post"}],"author":[{"embeddable":true,"href":"https:\/\/scinawa.pl\/index.php\/wp-json\/wp\/v2\/users\/3"}],"replies":[{"embeddable":true,"href":"https:\/\/scinawa.pl\/index.php\/wp-json\/wp\/v2\/comments?post=29788"}],"version-history":[{"count":1,"href":"https:\/\/scinawa.pl\/index.php\/wp-json\/wp\/v2\/posts\/29788\/revisions"}],"predecessor-version":[{"id":29790,"href":"https:\/\/scinawa.pl\/index.php\/wp-json\/wp\/v2\/posts\/29788\/revisions\/29790"}],"wp:featuredmedia":[{"embeddable":true,"href":"https:\/\/scinawa.pl\/index.php\/wp-json\/wp\/v2\/media\/29789"}],"wp:attachment":[{"href":"https:\/\/scinawa.pl\/index.php\/wp-json\/wp\/v2\/media?parent=29788"}],"wp:term":[{"taxonomy":"category","embeddable":true,"href":"https:\/\/scinawa.pl\/index.php\/wp-json\/wp\/v2\/categories?post=29788"},{"taxonomy":"post_tag","embeddable":true,"href":"https:\/\/scinawa.pl\/index.php\/wp-json\/wp\/v2\/tags?post=29788"}],"curies":[{"name":"wp","href":"https:\/\/api.w.org\/{rel}","templated":true}]}}