{"id":29595,"date":"2023-07-04T09:07:07","date_gmt":"2023-07-04T07:07:07","guid":{"rendered":"http:\/\/nowa.scinawa.pl\/?p=29595"},"modified":"2023-07-04T09:07:07","modified_gmt":"2023-07-04T07:07:07","slug":"zmiana-zarzadu-w-odrze-scinawa","status":"publish","type":"post","link":"https:\/\/scinawa.pl\/index.php\/2023\/07\/04\/zmiana-zarzadu-w-odrze-scinawa\/","title":{"rendered":"Zmiana zarz\u0105du w Odrze \u015acinawa"},"content":{"rendered":"<p align=\"justify\"><strong>Podczas Nadzwyczajnego Walnego Zgromadzenia Zarz\u0105du MKS Odra \u015acinawa, kt\u00f3re odby\u0142o si\u0119 w minionym tygodniu, przyj\u0119te zosta\u0142y dymisje wszystkich jego dotychczasowych cz\u0142onk\u00f3w. Podczas obrad powo\u0142ano nowych reprezentant\u00f3w klubowych struktur, uzgodniono, \u017ce nowym prezesem zostanie Dawid Trawka \u2013 serdecznie gratulujemy i \u017cyczymy powodzenia! Jednocze\u015bnie dzi\u0119kujemy za prac\u0119 dotychczasowemu prezesowi Jackowi Wo\u0142ochowi, kt\u00f3ry zarz\u0105dza\u0142 Odr\u0105 \u015acinawa przez 8 ostatnich lat.<\/strong><\/p>\n<p><strong>Sk\u0142ad nowego zarz\u0105du MKS Odra \u015acinawa<\/strong><br \/>\nprezes zarz\u0105du: Dawid Trawka<br \/>\nzast\u0119pca prezesa zarz\u0105du: Damian Cichuta<br \/>\nsekretarz: Grzegorz Bogu\u0144<br \/>\nskarbnik: Dawid Bogu\u0144<br \/>\ncz\u0142onkowie zarz\u0105du:<br \/>\n&#8211; Grzegorz Eliasz<br \/>\n&#8211; Waldemar Kras<\/p>\n<p>cz\u0142onkowie komisji rewizyjnej:<br \/>\n&#8211; Jan Just<br \/>\n&#8211; Jaros\u0142aw Jasinowski<\/p>\n<p align=\"justify\">To nie koniec zmian, jakie zasz\u0142y w klubie, poniewa\u017c z funkcji trenera 1. dru\u017cyny zrezygnowa\u0142 Tomasz Wo\u0142och. Przypominamy, \u017ce prowadzona przez niego dru\u017cyna awansowa\u0142a do IV ligi i przez 6 kolejnych sezon\u00f3w rywalizowa\u0142a na tym szczeblu rozgrywkowym. Szkoleniowcowi dzi\u0119kujemy za wk\u0142ad w rozw\u00f3j zespo\u0142u i \u017cyczymy powodzenia w dalszym etapie pracy trenerskiej.<br \/>\nNiebawem wyja\u015bni si\u0119, kto poprowadzi Odr\u0119 \u015acinawa w nast\u0119pnym sezonie, ju\u017c na boiskach klasy okr\u0119gowej.<\/p>\n","protected":false},"excerpt":{"rendered":"<p>Podczas Nadzwyczajnego Walnego Zgromadzenia Zarz\u0105du MKS Odra \u015acinawa, kt\u00f3re odby\u0142o si\u0119 w minionym tygodniu, przyj\u0119te zosta\u0142y dymisje wszystkich jego dotychczasowych<\/p>\n","protected":false},"author":3,"featured_media":29596,"comment_status":"open","ping_status":"open","sticky":false,"template":"","format":"standard","meta":{"ngg_post_thumbnail":0},"categories":[12,15],"tags":[],"_links":{"self":[{"href":"https:\/\/scinawa.pl\/index.php\/wp-json\/wp\/v2\/posts\/29595"}],"collection":[{"href":"https:\/\/scinawa.pl\/index.php\/wp-json\/wp\/v2\/posts"}],"about":[{"href":"https:\/\/scinawa.pl\/index.php\/wp-json\/wp\/v2\/types\/post"}],"author":[{"embeddable":true,"href":"https:\/\/scinawa.pl\/index.php\/wp-json\/wp\/v2\/users\/3"}],"replies":[{"embeddable":true,"href":"https:\/\/scinawa.pl\/index.php\/wp-json\/wp\/v2\/comments?post=29595"}],"version-history":[{"count":1,"href":"https:\/\/scinawa.pl\/index.php\/wp-json\/wp\/v2\/posts\/29595\/revisions"}],"predecessor-version":[{"id":29597,"href":"https:\/\/scinawa.pl\/index.php\/wp-json\/wp\/v2\/posts\/29595\/revisions\/29597"}],"wp:featuredmedia":[{"embeddable":true,"href":"https:\/\/scinawa.pl\/index.php\/wp-json\/wp\/v2\/media\/29596"}],"wp:attachment":[{"href":"https:\/\/scinawa.pl\/index.php\/wp-json\/wp\/v2\/media?parent=29595"}],"wp:term":[{"taxonomy":"category","embeddable":true,"href":"https:\/\/scinawa.pl\/index.php\/wp-json\/wp\/v2\/categories?post=29595"},{"taxonomy":"post_tag","embeddable":true,"href":"https:\/\/scinawa.pl\/index.php\/wp-json\/wp\/v2\/tags?post=29595"}],"curies":[{"name":"wp","href":"https:\/\/api.w.org\/{rel}","templated":true}]}}