{"id":29530,"date":"2023-06-21T08:55:50","date_gmt":"2023-06-21T06:55:50","guid":{"rendered":"http:\/\/nowa.scinawa.pl\/?p=29530"},"modified":"2023-06-21T08:55:50","modified_gmt":"2023-06-21T06:55:50","slug":"mamy-wicemistrza-polski-w-muay-thai","status":"publish","type":"post","link":"https:\/\/scinawa.pl\/index.php\/2023\/06\/21\/mamy-wicemistrza-polski-w-muay-thai\/","title":{"rendered":"Mamy wicemistrza Polski w Muay Thai!"},"content":{"rendered":"<p align=\"justify\"><strong>Trenuj\u0105cy na co dzie\u0144 w klubach Akademia Sztuk Walki GoK1 Moli\u0144ski Lewkowicz i Karate Goju Ryu Petro Team mieszkaniec \u015acinawy Misza Krajewski wywalczy\u0142 srebrny medal na Mistrzostwach Polski Dzieci i Kadet\u00f3w w Muay Thai, kt\u00f3re odby\u0142y si\u0119 w miniony weekend w \u017barach. Warto wspomnie\u0107, \u017ce o taki sam sukces pokusi\u0142 si\u0119 r\u00f3wnie\u017c Alan Malewicz z s\u0105siedniej gminy Wi\u0144sko, kt\u00f3ry te\u017c trenuje w obu klubach. Serdecznie gratulujemy wojownikom i ich trenerom, \u017cyczmy dalszych sukces\u00f3w!<\/strong><\/p>\n<p>&nbsp;<\/p>\n<ul>\n<li>Misza Krajewski rywalizowa\u0142 w kategorii wiekowej U11-U12 (- 32 kg)<\/li>\n<li>Alan Malewicz rywalizowa\u0142 w kategorii wiekowej U12-U13 (-50 kg)<\/li>\n<\/ul>\n<p><a href=\"http:\/\/nowa.scinawa.pl\/wp-content\/uploads\/2023\/06\/Zdj\u0119cie-WhatsApp-2023-06-21-o-08.28.24.jpg\"><img decoding=\"async\" loading=\"lazy\" class=\"aligncenter size-full wp-image-29532\" src=\"http:\/\/nowa.scinawa.pl\/wp-content\/uploads\/2023\/06\/Zdj\u0119cie-WhatsApp-2023-06-21-o-08.28.24.jpg\" alt=\"\" width=\"1500\" height=\"2000\" srcset=\"https:\/\/scinawa.pl\/wp-content\/uploads\/2023\/06\/Zdj\u0119cie-WhatsApp-2023-06-21-o-08.28.24.jpg 1500w, https:\/\/scinawa.pl\/wp-content\/uploads\/2023\/06\/Zdj\u0119cie-WhatsApp-2023-06-21-o-08.28.24-225x300.jpg 225w, https:\/\/scinawa.pl\/wp-content\/uploads\/2023\/06\/Zdj\u0119cie-WhatsApp-2023-06-21-o-08.28.24-768x1024.jpg 768w, https:\/\/scinawa.pl\/wp-content\/uploads\/2023\/06\/Zdj\u0119cie-WhatsApp-2023-06-21-o-08.28.24-1152x1536.jpg 1152w, https:\/\/scinawa.pl\/wp-content\/uploads\/2023\/06\/Zdj\u0119cie-WhatsApp-2023-06-21-o-08.28.24-18x24.jpg 18w, https:\/\/scinawa.pl\/wp-content\/uploads\/2023\/06\/Zdj\u0119cie-WhatsApp-2023-06-21-o-08.28.24-27x36.jpg 27w, https:\/\/scinawa.pl\/wp-content\/uploads\/2023\/06\/Zdj\u0119cie-WhatsApp-2023-06-21-o-08.28.24-36x48.jpg 36w\" sizes=\"(max-width: 1500px) 100vw, 1500px\" \/><\/a><\/p>\n","protected":false},"excerpt":{"rendered":"<p>Trenuj\u0105cy na co dzie\u0144 w klubach Akademia Sztuk Walki GoK1 Moli\u0144ski Lewkowicz i Karate Goju Ryu Petro Team mieszkaniec \u015acinawy<\/p>\n","protected":false},"author":3,"featured_media":29531,"comment_status":"open","ping_status":"open","sticky":false,"template":"","format":"standard","meta":{"ngg_post_thumbnail":0},"categories":[12,15],"tags":[812,1658],"_links":{"self":[{"href":"https:\/\/scinawa.pl\/index.php\/wp-json\/wp\/v2\/posts\/29530"}],"collection":[{"href":"https:\/\/scinawa.pl\/index.php\/wp-json\/wp\/v2\/posts"}],"about":[{"href":"https:\/\/scinawa.pl\/index.php\/wp-json\/wp\/v2\/types\/post"}],"author":[{"embeddable":true,"href":"https:\/\/scinawa.pl\/index.php\/wp-json\/wp\/v2\/users\/3"}],"replies":[{"embeddable":true,"href":"https:\/\/scinawa.pl\/index.php\/wp-json\/wp\/v2\/comments?post=29530"}],"version-history":[{"count":1,"href":"https:\/\/scinawa.pl\/index.php\/wp-json\/wp\/v2\/posts\/29530\/revisions"}],"predecessor-version":[{"id":29533,"href":"https:\/\/scinawa.pl\/index.php\/wp-json\/wp\/v2\/posts\/29530\/revisions\/29533"}],"wp:featuredmedia":[{"embeddable":true,"href":"https:\/\/scinawa.pl\/index.php\/wp-json\/wp\/v2\/media\/29531"}],"wp:attachment":[{"href":"https:\/\/scinawa.pl\/index.php\/wp-json\/wp\/v2\/media?parent=29530"}],"wp:term":[{"taxonomy":"category","embeddable":true,"href":"https:\/\/scinawa.pl\/index.php\/wp-json\/wp\/v2\/categories?post=29530"},{"taxonomy":"post_tag","embeddable":true,"href":"https:\/\/scinawa.pl\/index.php\/wp-json\/wp\/v2\/tags?post=29530"}],"curies":[{"name":"wp","href":"https:\/\/api.w.org\/{rel}","templated":true}]}}