{"id":29297,"date":"2023-05-26T11:19:59","date_gmt":"2023-05-26T09:19:59","guid":{"rendered":"http:\/\/nowa.scinawa.pl\/?p=29297"},"modified":"2023-05-26T11:19:59","modified_gmt":"2023-05-26T09:19:59","slug":"scinawa-nad-odra-aktywnie-obiektywnie-z-pasja-radio-2","status":"publish","type":"post","link":"https:\/\/scinawa.pl\/index.php\/2023\/05\/26\/scinawa-nad-odra-aktywnie-obiektywnie-z-pasja-radio-2\/","title":{"rendered":"\u015acinawa nad Odr\u0105 \u2013 aktywnie, obiektywnie, z pasj\u0105 (RADIO)"},"content":{"rendered":"<p align=\"justify\"><strong>\u201e\u015acinawa nad Odr\u0105 \u2013 aktywnie, obiektywnie, z pasj\u0105\u201d, to audycja emitowana w ostatni czwartek miesi\u0105ca o godzinie 9:15 na antenie Radia Plus Legnica. W ostatnim wydaniu Anna Podbucka, dyrektor Centrum Turystyki i Kultury w \u015acinawie, zapowiada Dni \u015acinawy i atrakcje, kt\u00f3re towarzyszy\u0142y b\u0119d\u0105 \u015bwi\u0119tu naszego miasta.<\/strong><\/p>\n<p>Link do audycji: <a href=\"https:\/\/legnica.fm\/audycje\/audycje-scinawa-nad-odra\/49102-ostatnia-prosta-przed-dniami-scinawy\">https:\/\/legnica.fm\/audycje\/audycje-scinawa-nad-odra\/49102-ostatnia-prosta-przed-dniami-scinawy<\/a>.<\/p>\n<p>&nbsp;<\/p>\n<p>Foto: Ula Noszcyz\u0144ska<\/p>\n","protected":false},"excerpt":{"rendered":"<p>\u201e\u015acinawa nad Odr\u0105 \u2013 aktywnie, obiektywnie, z pasj\u0105\u201d, to audycja emitowana w ostatni czwartek miesi\u0105ca o godzinie 9:15 na antenie<\/p>\n","protected":false},"author":3,"featured_media":29298,"comment_status":"open","ping_status":"open","sticky":false,"template":"","format":"standard","meta":{"ngg_post_thumbnail":0},"categories":[12,41],"tags":[],"_links":{"self":[{"href":"https:\/\/scinawa.pl\/index.php\/wp-json\/wp\/v2\/posts\/29297"}],"collection":[{"href":"https:\/\/scinawa.pl\/index.php\/wp-json\/wp\/v2\/posts"}],"about":[{"href":"https:\/\/scinawa.pl\/index.php\/wp-json\/wp\/v2\/types\/post"}],"author":[{"embeddable":true,"href":"https:\/\/scinawa.pl\/index.php\/wp-json\/wp\/v2\/users\/3"}],"replies":[{"embeddable":true,"href":"https:\/\/scinawa.pl\/index.php\/wp-json\/wp\/v2\/comments?post=29297"}],"version-history":[{"count":1,"href":"https:\/\/scinawa.pl\/index.php\/wp-json\/wp\/v2\/posts\/29297\/revisions"}],"predecessor-version":[{"id":29299,"href":"https:\/\/scinawa.pl\/index.php\/wp-json\/wp\/v2\/posts\/29297\/revisions\/29299"}],"wp:featuredmedia":[{"embeddable":true,"href":"https:\/\/scinawa.pl\/index.php\/wp-json\/wp\/v2\/media\/29298"}],"wp:attachment":[{"href":"https:\/\/scinawa.pl\/index.php\/wp-json\/wp\/v2\/media?parent=29297"}],"wp:term":[{"taxonomy":"category","embeddable":true,"href":"https:\/\/scinawa.pl\/index.php\/wp-json\/wp\/v2\/categories?post=29297"},{"taxonomy":"post_tag","embeddable":true,"href":"https:\/\/scinawa.pl\/index.php\/wp-json\/wp\/v2\/tags?post=29297"}],"curies":[{"name":"wp","href":"https:\/\/api.w.org\/{rel}","templated":true}]}}