{"id":29260,"date":"2023-05-23T12:03:47","date_gmt":"2023-05-23T10:03:47","guid":{"rendered":"http:\/\/nowa.scinawa.pl\/?p=29260"},"modified":"2023-05-23T12:03:47","modified_gmt":"2023-05-23T10:03:47","slug":"dotacja-na-zlobek-w-scinawie-ruszaja-procedury","status":"publish","type":"post","link":"https:\/\/scinawa.pl\/index.php\/2023\/05\/23\/dotacja-na-zlobek-w-scinawie-ruszaja-procedury\/","title":{"rendered":"Dotacja na \u017c\u0142obek w \u015acinawie \u2013 ruszaj\u0105 procedury"},"content":{"rendered":"<p align=\"justify\"><strong>Z ko\u0144cem kwietnia br. og\u0142oszono wyniki naboru rz\u0105dowego programu Maluch+, z przyjemno\u015bci\u0105 informujemy, \u017ce wniosek naszego samorz\u0105du, dotycz\u0105cy realizacji zadania zatytu\u0142owanego \u201eUtworzenie \u017c\u0142obka gminnego w \u015acinawie\u201d, zosta\u0142 rozpatrzony pozytywnie! Obecnie analizowane s\u0105 lokalizacje dla tej inwestycji, najprawdopodobniej obiekt powstanie na kt\u00f3rej\u015b z dzia\u0142ek zarz\u0105dzanych przez Zesp\u00f3\u0142 Szkolno-Przedszkolny w \u015acinawie. Gminie \u015acinawa przyznano dotacj\u0119 w kwocie 732.609,02 z\u0142, s\u0105 to pieni\u0105dze na utworzenie \u017c\u0142obka wraz z zapleczem szatniowo-sanitarnym oraz jego wyposa\u017cenie, pozosta\u0142e \u015brodki na budow\u0119, szacowane na ponad 1 mln z\u0142, zabezpieczy w formie wk\u0142adu w\u0142asnego \u015bcinawski samorz\u0105d. Warto doda\u0107, \u017ce na funkcjonowanie miejsc opieki dla najm\u0142odszych mieszka\u0144c\u00f3w, przyznano naszej gminie dodatkowo kwot\u0119 541.728,00 z\u0142.<\/strong><\/p>\n<p align=\"justify\">\u0141\u0105cznie budowa \u017c\u0142obka ma poch\u0142on\u0105\u0107 blisko 2 mln z\u0142, a we wst\u0119pnych planach jest utworzenie 18 miejsc dla maluch\u00f3w. Samorz\u0105d ma 3 lata na realizacj\u0119 zadania, a po otwarciu plac\u00f3wki, r\u00f3wnie\u017c dzi\u0119ki przyznanym \u015brodkom, gmina przez kilka kolejnych lata otrzymywa\u0142a b\u0119dzie comiesi\u0119czne wsparcie na pobyt ka\u017cdego dziecka w \u017c\u0142obku, w kwocie 836,00 z\u0142.<br \/>\nObecnie rozpoczyna si\u0119 procedura przygotowywania inwestycji, okre\u015blane s\u0105 dane do dokumentacji przetargowej, niezb\u0119dne do og\u0142oszenia zam\u00f3wienia publicznego \u2013 co nast\u0105pi w najbli\u017cszych tygodniach, w pierwszej kolejno\u015bci wykonana b\u0119dzie dokumentacja projektowa dla \u015bcinawskiego \u017c\u0142obka. Planuje si\u0119, \u017ce obiekt zostanie uruchomiony w 2026 roku.<\/p>\n<p align=\"justify\">\u2013 Oczywi\u015bcie dostrzegali\u015bmy potrzeb\u0119 utworzenia \u017c\u0142obka w \u015acinawie, odby\u0142em kilka spotka\u0144 z potencjalnymi podmiotami prywatnymi, kt\u00f3re chcia\u0142y si\u0119 podj\u0105\u0107 realizacji takiej inwestycji. Mimo wcze\u015bniejszych deklaracji, nikt nie zdecydowa\u0142 si\u0119 wybudowa\u0107 niepublicznej plac\u00f3wki. W ostatnim naborze zmieni\u0142y si\u0119 zasady programu Maluch+, kt\u00f3re s\u0105 zdecydowanie korzystniejsze dla samorz\u0105d\u00f3w, inwestycj\u0119 mo\u017cna wykona\u0107 w terminie do trzech lat, a nie jak dotychczas w ci\u0105gu jednego roku, co przy skali realizowanych przez nas obecnie zada\u0144, ma du\u017ce znaczenie. Opr\u00f3cz tego rz\u0105d zapewnia trzyletnie finansowanie funkcjonowania naszego \u017c\u0142obka. Jak wcze\u015bniej informowali\u015bmy w lutym br. z\u0142o\u017cyli\u015bmy wymagane dokumenty aplikacyjne, a teraz zosta\u0142o przyznane nam wsparcie, z czego si\u0119 bardzo cieszymy i przyst\u0119pujemy do dzia\u0142ania \u2013 komentuje burmistrz Krystian Koszty\u0142a.<\/p>\n","protected":false},"excerpt":{"rendered":"<p>Z ko\u0144cem kwietnia br. og\u0142oszono wyniki naboru rz\u0105dowego programu Maluch+, z przyjemno\u015bci\u0105 informujemy, \u017ce wniosek naszego samorz\u0105du, dotycz\u0105cy realizacji zadania<\/p>\n","protected":false},"author":3,"featured_media":29261,"comment_status":"open","ping_status":"open","sticky":false,"template":"","format":"standard","meta":{"ngg_post_thumbnail":0},"categories":[12,3],"tags":[1692],"_links":{"self":[{"href":"https:\/\/scinawa.pl\/index.php\/wp-json\/wp\/v2\/posts\/29260"}],"collection":[{"href":"https:\/\/scinawa.pl\/index.php\/wp-json\/wp\/v2\/posts"}],"about":[{"href":"https:\/\/scinawa.pl\/index.php\/wp-json\/wp\/v2\/types\/post"}],"author":[{"embeddable":true,"href":"https:\/\/scinawa.pl\/index.php\/wp-json\/wp\/v2\/users\/3"}],"replies":[{"embeddable":true,"href":"https:\/\/scinawa.pl\/index.php\/wp-json\/wp\/v2\/comments?post=29260"}],"version-history":[{"count":1,"href":"https:\/\/scinawa.pl\/index.php\/wp-json\/wp\/v2\/posts\/29260\/revisions"}],"predecessor-version":[{"id":29262,"href":"https:\/\/scinawa.pl\/index.php\/wp-json\/wp\/v2\/posts\/29260\/revisions\/29262"}],"wp:featuredmedia":[{"embeddable":true,"href":"https:\/\/scinawa.pl\/index.php\/wp-json\/wp\/v2\/media\/29261"}],"wp:attachment":[{"href":"https:\/\/scinawa.pl\/index.php\/wp-json\/wp\/v2\/media?parent=29260"}],"wp:term":[{"taxonomy":"category","embeddable":true,"href":"https:\/\/scinawa.pl\/index.php\/wp-json\/wp\/v2\/categories?post=29260"},{"taxonomy":"post_tag","embeddable":true,"href":"https:\/\/scinawa.pl\/index.php\/wp-json\/wp\/v2\/tags?post=29260"}],"curies":[{"name":"wp","href":"https:\/\/api.w.org\/{rel}","templated":true}]}}