{"id":29253,"date":"2023-05-23T10:43:04","date_gmt":"2023-05-23T08:43:04","guid":{"rendered":"http:\/\/nowa.scinawa.pl\/?p=29253"},"modified":"2023-05-23T10:43:04","modified_gmt":"2023-05-23T08:43:04","slug":"ctik-diagnozuje-potrzeby-mieszkancow","status":"publish","type":"post","link":"https:\/\/scinawa.pl\/index.php\/2023\/05\/23\/ctik-diagnozuje-potrzeby-mieszkancow\/","title":{"rendered":"CTiK diagnozuje potrzeby mieszka\u0144c\u00f3w"},"content":{"rendered":"<p align=\"justify\"><strong>Drodzy Mieszka\u0144cy, w ostatnim czasie, w ramach projektu Dom Kultury+ z Narodowego Centrum Kultury, pracownicy CTiK w \u015acinawie ruszyli ze spotkaniami, podczas kt\u00f3rych przeprowadzaj\u0105 diagnozy potrzeb naszej spo\u0142eczno\u015bci. Zach\u0119camy do udzia\u0142u, Pa\u0144stwa zdanie pozwoli bardziej anga\u017cowa\u0107 si\u0119 o\u015brodkowi w \u017cycie lokalnej spo\u0142eczno\u015bci i dostosowa\u0107 ofert\u0119 zaj\u0119\u0107 do faktycznych oczekiwa\u0144 mieszka\u0144c\u00f3w.<\/strong><\/p>\n<p align=\"justify\">W zwi\u0105zku z planowanymi dzia\u0142aniami zapraszamy do zapoznania si\u0119 z dost\u0119pnymi narz\u0119dziami, kt\u00f3rymi s\u0105:<br \/>\n&#8211; Ankieta umieszczona pod linkiem: <a href=\"https:\/\/docs.google.com\/forms\/d\/e\/1FAIpQLSclTq_M-l7Urhh_MrQ_4Fl0Ma3G9HsDQHItl5Qvq697oYPyLQ\/viewform\">https:\/\/docs.google.com\/forms\/d\/e\/1FAIpQLSclTq_M-l7Urhh_MrQ_4Fl0Ma3G9HsDQHItl5Qvq697oYPyLQ\/viewform<\/a> oraz w wersji papierowej dost\u0119pnej w sekretariacie<br \/>\n&#8211; Wywiady na kt\u00f3re zapraszamy senior\u00f3w<br \/>\n&#8211; Tablica stoj\u0105ca w holu CTiK czekaj\u0105ce na wasze uwagi i komentarze<\/p>\n<p align=\"justify\">Czemu ma to s\u0142u\u017cy\u0107 &#8211; odpowiadaj\u0105 pracownicy CTiK?<br \/>\n\u2013 chcemy jeszcze bardziej anga\u017cowa\u0107 si\u0119 w \u017cycie naszej spo\u0142eczno\u015bci \u2013 razem z Wami!,<br \/>\n\u2013 chcemy pozna\u0107 Wasze potrzeby,<br \/>\n\u2013 chcemy odkrywa\u0107 i rozwija\u0107 potencja\u0142 kulturowy jej cz\u0142onk\u00f3w oraz kulturotw\u00f3rczych zasob\u00f3w spo\u0142eczno\u015bci.<\/p>\n<p align=\"justify\">Dzia\u0142anie dofinansowane ze \u015brodk\u00f3w Narodowego Centrum Kultury w ramach Programu Dom Kultury+ Inicjatywy Lokalne.<\/p>\n<p><a href=\"http:\/\/nowa.scinawa.pl\/wp-content\/uploads\/2023\/05\/diagnoza.jpg\"><img decoding=\"async\" loading=\"lazy\" class=\"aligncenter size-full wp-image-29254\" src=\"http:\/\/nowa.scinawa.pl\/wp-content\/uploads\/2023\/05\/diagnoza.jpg\" alt=\"\" width=\"1200\" height=\"1200\" srcset=\"https:\/\/scinawa.pl\/wp-content\/uploads\/2023\/05\/diagnoza.jpg 1200w, https:\/\/scinawa.pl\/wp-content\/uploads\/2023\/05\/diagnoza-300x300.jpg 300w, https:\/\/scinawa.pl\/wp-content\/uploads\/2023\/05\/diagnoza-1024x1024.jpg 1024w, https:\/\/scinawa.pl\/wp-content\/uploads\/2023\/05\/diagnoza-150x150.jpg 150w, https:\/\/scinawa.pl\/wp-content\/uploads\/2023\/05\/diagnoza-768x768.jpg 768w, https:\/\/scinawa.pl\/wp-content\/uploads\/2023\/05\/diagnoza-24x24.jpg 24w, https:\/\/scinawa.pl\/wp-content\/uploads\/2023\/05\/diagnoza-36x36.jpg 36w, https:\/\/scinawa.pl\/wp-content\/uploads\/2023\/05\/diagnoza-48x48.jpg 48w\" sizes=\"(max-width: 1200px) 100vw, 1200px\" \/><\/a><\/p>\n","protected":false},"excerpt":{"rendered":"<p>Drodzy Mieszka\u0144cy, w ostatnim czasie, w ramach projektu Dom Kultury+ z Narodowego Centrum Kultury, pracownicy CTiK w \u015acinawie ruszyli ze<\/p>\n","protected":false},"author":3,"featured_media":29255,"comment_status":"open","ping_status":"open","sticky":false,"template":"","format":"standard","meta":{"ngg_post_thumbnail":0},"categories":[12,3],"tags":[],"_links":{"self":[{"href":"https:\/\/scinawa.pl\/index.php\/wp-json\/wp\/v2\/posts\/29253"}],"collection":[{"href":"https:\/\/scinawa.pl\/index.php\/wp-json\/wp\/v2\/posts"}],"about":[{"href":"https:\/\/scinawa.pl\/index.php\/wp-json\/wp\/v2\/types\/post"}],"author":[{"embeddable":true,"href":"https:\/\/scinawa.pl\/index.php\/wp-json\/wp\/v2\/users\/3"}],"replies":[{"embeddable":true,"href":"https:\/\/scinawa.pl\/index.php\/wp-json\/wp\/v2\/comments?post=29253"}],"version-history":[{"count":3,"href":"https:\/\/scinawa.pl\/index.php\/wp-json\/wp\/v2\/posts\/29253\/revisions"}],"predecessor-version":[{"id":29258,"href":"https:\/\/scinawa.pl\/index.php\/wp-json\/wp\/v2\/posts\/29253\/revisions\/29258"}],"wp:featuredmedia":[{"embeddable":true,"href":"https:\/\/scinawa.pl\/index.php\/wp-json\/wp\/v2\/media\/29255"}],"wp:attachment":[{"href":"https:\/\/scinawa.pl\/index.php\/wp-json\/wp\/v2\/media?parent=29253"}],"wp:term":[{"taxonomy":"category","embeddable":true,"href":"https:\/\/scinawa.pl\/index.php\/wp-json\/wp\/v2\/categories?post=29253"},{"taxonomy":"post_tag","embeddable":true,"href":"https:\/\/scinawa.pl\/index.php\/wp-json\/wp\/v2\/tags?post=29253"}],"curies":[{"name":"wp","href":"https:\/\/api.w.org\/{rel}","templated":true}]}}