{"id":28899,"date":"2023-04-17T09:59:32","date_gmt":"2023-04-17T07:59:32","guid":{"rendered":"http:\/\/nowa.scinawa.pl\/?p=28899"},"modified":"2023-04-17T09:59:32","modified_gmt":"2023-04-17T07:59:32","slug":"scinawskie-sprzatanie-swiata-2023","status":"publish","type":"post","link":"https:\/\/scinawa.pl\/index.php\/2023\/04\/17\/scinawskie-sprzatanie-swiata-2023\/","title":{"rendered":"\u015acinawskie sprz\u0105tanie \u015bwiata 2023"},"content":{"rendered":"<p align=\"justify\"><strong>O\u015brodek Dzia\u0142a\u0144 Edukacyjnych i Tw\u00f3rczych Schronisko M\u0142odzie\u017cowe \u201ePa\u0142acyk\u201d, Regionalny O\u015brodek Edukacji Ekologicznej w Dziewinie, Stowarzyszenie Aktywnie dla Gminy \u015acinawa, Stowarzyszenie \u201eAktywny Dziewin\u201d oraz Zak\u0142ad Gospodarki Komunalnej w \u015acinawie zapraszaj\u0105 do udzia\u0142u w proekologicznej akcji pod honorowym patronatem burmistrza Krystiana Koszty\u0142y. Organizatorzy zach\u0119caj\u0105 do sprz\u0105tania ulubionych miejsc spacerowych i dokumentowanie swojej pracy na zdj\u0119ciach, bo najbardziej zaanga\u017cowane i kreatywne osoby zostan\u0105 nagrodzone w specjalnym konkursie. Zaplanowana na 21-23 kwietnia akcja inspirowana jest obchodzonym w najbli\u017csz\u0105 sobot\u0119 najwi\u0119kszym \u015bwi\u0119tem ekologicznym \u2013 Dniem Ziemi.<\/strong><\/p>\n<p align=\"justify\">&#8211; Zach\u0119camy do udzia\u0142u wszystkich mieszka\u0144c\u00f3w, kt\u00f3rzy chc\u0105 zrobi\u0107 co\u015b dobrego dla swojej najbli\u017cszej okolicy. Wystarczy si\u0119 z nami skontaktowa\u0107, a przygotujemy ufundowane przez \u015bcinawski ZGK pakiety, w kt\u00f3rych znajd\u0105 si\u0119 worki i r\u0119kawiczki. Tradycyjnie podczas akcji na terenie zielonym u zbiegu ulic Mickiewicza i Wo\u0142owskiej (w pobli\u017cu sklepu meblowego) ustawiony zostanie kontener na zbierane \u015bmieci \u2013 t\u0142umaczy Kamila Grabka-Levin, dyrektor O\u015brodka Dzia\u0142a\u0144 Edukacyjnych i Tw\u00f3rczych Schronisko M\u0142odzie\u017cowe \u201ePa\u0142acyk\u201d.<\/p>\n<p align=\"justify\">21 kwietnia zaplanowano wsp\u00f3lne sprz\u0105tanie na \u015bcinawskich \u0142\u0105kach. Sw\u00f3j udzia\u0142 ju\u017c zapowiedzieli cz\u0142onkowie szkolnego wolontariatu \u201ePrometeusz\u201d oraz ukrai\u0144skie dzieci mieszkaj\u0105ce w \u201ePa\u0142acyku\u201d. Jednak w inicjatyw\u0119 mo\u017ce w\u0142\u0105czy\u0107 si\u0119 ka\u017cdy ch\u0119tny mieszkaniec, sprz\u0105taj\u0105c cho\u0107by swoj\u0105 najbli\u017csz\u0105 okolic\u0119. Je\u015bli swoje pozytywne dzia\u0142anie udokumentuje na zdj\u0119ciach, mo\u017ce wygra\u0107 nagrod\u0119! Wi\u0119cej o konkursie i jego regulamin: <a href=\"https:\/\/www.facebook.com\/photo?fbid=695824712342497&amp;set=a.539365277988442\">https:\/\/www.facebook.com\/photo?fbid=695824712342497&amp;set=a.539365277988442<\/a> .<\/p>\n<p><a href=\"http:\/\/nowa.scinawa.pl\/wp-content\/uploads\/2023\/04\/336784529_3469643173313764_1646971803706451382_n.jpg\"><img decoding=\"async\" loading=\"lazy\" class=\"aligncenter size-full wp-image-28900\" src=\"http:\/\/nowa.scinawa.pl\/wp-content\/uploads\/2023\/04\/336784529_3469643173313764_1646971803706451382_n.jpg\" alt=\"\" width=\"1200\" height=\"630\" srcset=\"https:\/\/scinawa.pl\/wp-content\/uploads\/2023\/04\/336784529_3469643173313764_1646971803706451382_n.jpg 1200w, https:\/\/scinawa.pl\/wp-content\/uploads\/2023\/04\/336784529_3469643173313764_1646971803706451382_n-300x158.jpg 300w, https:\/\/scinawa.pl\/wp-content\/uploads\/2023\/04\/336784529_3469643173313764_1646971803706451382_n-1024x538.jpg 1024w, https:\/\/scinawa.pl\/wp-content\/uploads\/2023\/04\/336784529_3469643173313764_1646971803706451382_n-768x403.jpg 768w, https:\/\/scinawa.pl\/wp-content\/uploads\/2023\/04\/336784529_3469643173313764_1646971803706451382_n-390x205.jpg 390w, https:\/\/scinawa.pl\/wp-content\/uploads\/2023\/04\/336784529_3469643173313764_1646971803706451382_n-24x13.jpg 24w, https:\/\/scinawa.pl\/wp-content\/uploads\/2023\/04\/336784529_3469643173313764_1646971803706451382_n-36x19.jpg 36w, https:\/\/scinawa.pl\/wp-content\/uploads\/2023\/04\/336784529_3469643173313764_1646971803706451382_n-48x25.jpg 48w\" sizes=\"(max-width: 1200px) 100vw, 1200px\" \/><\/a><\/p>\n<p align=\"justify\">22 kwietnia mieszka\u0144cy Dziewina zapraszaj\u0105 do wsp\u00f3lnego sprz\u0105tania lasu i dorzecza Odry. Na miejscu zostan\u0105 wydane pakiety z workami i r\u0119kawiczkami.<\/p>\n<p align=\"justify\">Jeszcze raz podkre\u015blamy, \u017ce zaanga\u017cowa\u0107 si\u0119 mo\u017ce ka\u017cdy, bo tak\u017ce w niedziel\u0119 23 kwietnia pod sklepem meblowym w \u015acinawie sta\u0142 b\u0119dzie kontener i cho\u0107by wracaj\u0105c ze spaceru, mo\u017cna do niego wrzuci\u0107 znalezione \u015bmieci. Zadbajmy o Nasz\u0105 Gmin\u0119!<\/p>\n<p><a href=\"http:\/\/nowa.scinawa.pl\/wp-content\/uploads\/2023\/04\/341079601_950675046248630_7734675372715482143_n-\u2014-kopia.jpg\"><img decoding=\"async\" loading=\"lazy\" class=\"aligncenter size-full wp-image-28901\" src=\"http:\/\/nowa.scinawa.pl\/wp-content\/uploads\/2023\/04\/341079601_950675046248630_7734675372715482143_n-\u2014-kopia.jpg\" alt=\"\" width=\"1448\" height=\"2048\" srcset=\"https:\/\/scinawa.pl\/wp-content\/uploads\/2023\/04\/341079601_950675046248630_7734675372715482143_n-\u2014-kopia.jpg 1448w, https:\/\/scinawa.pl\/wp-content\/uploads\/2023\/04\/341079601_950675046248630_7734675372715482143_n-\u2014-kopia-212x300.jpg 212w, https:\/\/scinawa.pl\/wp-content\/uploads\/2023\/04\/341079601_950675046248630_7734675372715482143_n-\u2014-kopia-724x1024.jpg 724w, https:\/\/scinawa.pl\/wp-content\/uploads\/2023\/04\/341079601_950675046248630_7734675372715482143_n-\u2014-kopia-768x1086.jpg 768w, https:\/\/scinawa.pl\/wp-content\/uploads\/2023\/04\/341079601_950675046248630_7734675372715482143_n-\u2014-kopia-1086x1536.jpg 1086w, https:\/\/scinawa.pl\/wp-content\/uploads\/2023\/04\/341079601_950675046248630_7734675372715482143_n-\u2014-kopia-17x24.jpg 17w, https:\/\/scinawa.pl\/wp-content\/uploads\/2023\/04\/341079601_950675046248630_7734675372715482143_n-\u2014-kopia-25x36.jpg 25w, https:\/\/scinawa.pl\/wp-content\/uploads\/2023\/04\/341079601_950675046248630_7734675372715482143_n-\u2014-kopia-34x48.jpg 34w\" sizes=\"(max-width: 1448px) 100vw, 1448px\" \/><\/a><\/p>\n","protected":false},"excerpt":{"rendered":"<p>O\u015brodek Dzia\u0142a\u0144 Edukacyjnych i Tw\u00f3rczych Schronisko M\u0142odzie\u017cowe \u201ePa\u0142acyk\u201d, Regionalny O\u015brodek Edukacji Ekologicznej w Dziewinie, Stowarzyszenie Aktywnie dla Gminy \u015acinawa, Stowarzyszenie<\/p>\n","protected":false},"author":3,"featured_media":28902,"comment_status":"open","ping_status":"open","sticky":false,"template":"","format":"standard","meta":{"ngg_post_thumbnail":0},"categories":[12,3],"tags":[80],"_links":{"self":[{"href":"https:\/\/scinawa.pl\/index.php\/wp-json\/wp\/v2\/posts\/28899"}],"collection":[{"href":"https:\/\/scinawa.pl\/index.php\/wp-json\/wp\/v2\/posts"}],"about":[{"href":"https:\/\/scinawa.pl\/index.php\/wp-json\/wp\/v2\/types\/post"}],"author":[{"embeddable":true,"href":"https:\/\/scinawa.pl\/index.php\/wp-json\/wp\/v2\/users\/3"}],"replies":[{"embeddable":true,"href":"https:\/\/scinawa.pl\/index.php\/wp-json\/wp\/v2\/comments?post=28899"}],"version-history":[{"count":1,"href":"https:\/\/scinawa.pl\/index.php\/wp-json\/wp\/v2\/posts\/28899\/revisions"}],"predecessor-version":[{"id":28903,"href":"https:\/\/scinawa.pl\/index.php\/wp-json\/wp\/v2\/posts\/28899\/revisions\/28903"}],"wp:featuredmedia":[{"embeddable":true,"href":"https:\/\/scinawa.pl\/index.php\/wp-json\/wp\/v2\/media\/28902"}],"wp:attachment":[{"href":"https:\/\/scinawa.pl\/index.php\/wp-json\/wp\/v2\/media?parent=28899"}],"wp:term":[{"taxonomy":"category","embeddable":true,"href":"https:\/\/scinawa.pl\/index.php\/wp-json\/wp\/v2\/categories?post=28899"},{"taxonomy":"post_tag","embeddable":true,"href":"https:\/\/scinawa.pl\/index.php\/wp-json\/wp\/v2\/tags?post=28899"}],"curies":[{"name":"wp","href":"https:\/\/api.w.org\/{rel}","templated":true}]}}