{"id":28586,"date":"2023-02-11T21:48:24","date_gmt":"2023-02-11T20:48:24","guid":{"rendered":"http:\/\/nowa.scinawa.pl\/?p=28586"},"modified":"2023-02-11T21:48:24","modified_gmt":"2023-02-11T20:48:24","slug":"ferie-z-ctik-oraz-biblioteka","status":"publish","type":"post","link":"https:\/\/scinawa.pl\/index.php\/2023\/02\/11\/ferie-z-ctik-oraz-biblioteka\/","title":{"rendered":"Ferie z CTiK oraz bibliotek\u0105"},"content":{"rendered":"<p align=\"justify\"><strong>Centrum Turystyki i Kultury w \u015acinawie we wsp\u00f3\u0142pracy z bibliotek\u0105 zapraszaj\u0105 do udzia\u0142u w zaj\u0119ciach tematycznych organizowanych w czasie dwutygodniowych ferii, kt\u00f3re startuj\u0105 ju\u017c w najbli\u017cszy poniedzia\u0142ek. W harmonogramie znalaz\u0142y si\u0119 prelekcje o bezpiecze\u0144stwie, w ramach tych dzia\u0142a\u0144 zaplanowano wizyt\u0119 w remizie miejscowej OSP oraz odwiedziny w Komisariacie Policji w \u015acinawie, przewidziano r\u00f3wnie\u017c rozmowy o bezpiecze\u0144stwie w sieci Internet. 14 lutego w \u015bwi\u0119to zakochanych odb\u0119dzie si\u0119 bal karnawa\u0142owy, kt\u00f3ry jest elementem sta\u0142ym ferii zimowych organizowanych przez o\u015brodek kultury.<\/strong><\/p>\n<p align=\"justify\">W ofercie ka\u017cdy znajdzie zaj\u0119cia dla siebie, b\u0119d\u0105 te kreatywne pobudzaj\u0105ce wyobra\u017ani\u0119, ale r\u00f3wnie\u017c aktywno\u015bci fizyczne dla pe\u0142nych energii dzieciak\u00f3w. Udamy si\u0119 tak\u017ce do kr\u0119gielni w Lubinie &#8211; op\u0142ata rezerwacyjna na wyjazd to 20 z\u0142. Wi\u0119cej szczeg\u00f3\u0142\u00f3w na za\u0142\u0105czonym plakacie.<\/p>\n<p align=\"justify\">Do zobaczenia ju\u017c 13 lutego w poniedzia\u0142ek!! Zbi\u00f3rka w CTiK!<\/p>\n<p align=\"justify\"><a href=\"http:\/\/nowa.scinawa.pl\/wp-content\/uploads\/2023\/02\/330777553_1981366572069451_7711860877458725265_n-Kopia.jpg\"><img decoding=\"async\" loading=\"lazy\" class=\"aligncenter size-full wp-image-28587\" src=\"http:\/\/nowa.scinawa.pl\/wp-content\/uploads\/2023\/02\/330777553_1981366572069451_7711860877458725265_n-Kopia.jpg\" alt=\"\" width=\"679\" height=\"960\" srcset=\"https:\/\/scinawa.pl\/wp-content\/uploads\/2023\/02\/330777553_1981366572069451_7711860877458725265_n-Kopia.jpg 679w, https:\/\/scinawa.pl\/wp-content\/uploads\/2023\/02\/330777553_1981366572069451_7711860877458725265_n-Kopia-212x300.jpg 212w, https:\/\/scinawa.pl\/wp-content\/uploads\/2023\/02\/330777553_1981366572069451_7711860877458725265_n-Kopia-17x24.jpg 17w, https:\/\/scinawa.pl\/wp-content\/uploads\/2023\/02\/330777553_1981366572069451_7711860877458725265_n-Kopia-25x36.jpg 25w, https:\/\/scinawa.pl\/wp-content\/uploads\/2023\/02\/330777553_1981366572069451_7711860877458725265_n-Kopia-34x48.jpg 34w\" sizes=\"(max-width: 679px) 100vw, 679px\" \/><\/a><\/p>\n","protected":false},"excerpt":{"rendered":"<p>Centrum Turystyki i Kultury w \u015acinawie we wsp\u00f3\u0142pracy z bibliotek\u0105 zapraszaj\u0105 do udzia\u0142u w zaj\u0119ciach tematycznych organizowanych w czasie dwutygodniowych<\/p>\n","protected":false},"author":3,"featured_media":28588,"comment_status":"open","ping_status":"open","sticky":false,"template":"","format":"standard","meta":{"ngg_post_thumbnail":0},"categories":[12,3],"tags":[285,376],"_links":{"self":[{"href":"https:\/\/scinawa.pl\/index.php\/wp-json\/wp\/v2\/posts\/28586"}],"collection":[{"href":"https:\/\/scinawa.pl\/index.php\/wp-json\/wp\/v2\/posts"}],"about":[{"href":"https:\/\/scinawa.pl\/index.php\/wp-json\/wp\/v2\/types\/post"}],"author":[{"embeddable":true,"href":"https:\/\/scinawa.pl\/index.php\/wp-json\/wp\/v2\/users\/3"}],"replies":[{"embeddable":true,"href":"https:\/\/scinawa.pl\/index.php\/wp-json\/wp\/v2\/comments?post=28586"}],"version-history":[{"count":1,"href":"https:\/\/scinawa.pl\/index.php\/wp-json\/wp\/v2\/posts\/28586\/revisions"}],"predecessor-version":[{"id":28589,"href":"https:\/\/scinawa.pl\/index.php\/wp-json\/wp\/v2\/posts\/28586\/revisions\/28589"}],"wp:featuredmedia":[{"embeddable":true,"href":"https:\/\/scinawa.pl\/index.php\/wp-json\/wp\/v2\/media\/28588"}],"wp:attachment":[{"href":"https:\/\/scinawa.pl\/index.php\/wp-json\/wp\/v2\/media?parent=28586"}],"wp:term":[{"taxonomy":"category","embeddable":true,"href":"https:\/\/scinawa.pl\/index.php\/wp-json\/wp\/v2\/categories?post=28586"},{"taxonomy":"post_tag","embeddable":true,"href":"https:\/\/scinawa.pl\/index.php\/wp-json\/wp\/v2\/tags?post=28586"}],"curies":[{"name":"wp","href":"https:\/\/api.w.org\/{rel}","templated":true}]}}