{"id":28506,"date":"2023-01-26T09:14:08","date_gmt":"2023-01-26T08:14:08","guid":{"rendered":"http:\/\/nowa.scinawa.pl\/?p=28506"},"modified":"2023-01-26T12:05:18","modified_gmt":"2023-01-26T11:05:18","slug":"scinawa-gra-z-wosp","status":"publish","type":"post","link":"https:\/\/scinawa.pl\/index.php\/2023\/01\/26\/scinawa-gra-z-wosp\/","title":{"rendered":"\u015acinawa gra z WO\u015aP!"},"content":{"rendered":"<p align=\"justify\"><strong>Niedziela w Centrum Turystyki i Kultury w \u015acinawie zapowiada si\u0119 bardzo ciekawie, dlatego podczas 31. Fina\u0142u Wielkiej Orkiestry \u015awi\u0105tecznej Pomocy nie mo\u017ce zabrakn\u0105\u0107 nikogo z Was! Nasza gmina to spo\u0142eczno\u015b\u0107 ludzi o wielkich sercach, kt\u00f3rzy dziel\u0105 si\u0119 dobrem i od zawsze wspieraj\u0105 potrzebuj\u0105cych. Organizatorzy wydarzenia: O\u015brodek Dzia\u0142a\u0144 Edukacyjnych i Tw\u00f3rczych Schronisko M\u0142odzie\u017cowe \u201ePa\u0142acyk\u201d oraz Stowarzyszenie \u201eAktywnie dla Gminy \u015acinawa\u201d postarali si\u0119, by podczas \u015bcinawskiego fina\u0142u nie brakowa\u0142o atrakcji, z kt\u00f3rych ca\u0142y doch\u00f3d zostanie przekazany na konto fundacji. Na scenie zaprezentuj\u0105 si\u0119 lokalni arty\u015bci oraz za\u015bpiewa jedna z najlepszych polskich wokalistek \u2013 Kasia Wilk. Wszystko to, bo przecie\u017c walczymy z seps\u0105, a tak\u0105 inicjatyw\u0119 wspiera oczywi\u015bcie lokalny samorz\u0105d!<\/strong><\/p>\n<p align=\"justify\">Tegoroczn\u0105 edycj\u0119 WO\u015aP organizowan\u0105 w naszym mie\u015bcie wspieraj\u0105 i graj\u0105 razem z nami m.in.: Centrum Turystyki i Kultury w \u015acinawie i teatr \u201eZaczarowana Kurtyna\u201d, klasy 2a i 2b z Zespo\u0142u Szkolno-Przedszkolnego w \u015acinawie oraz szkolni wolontariusze WO\u015aP, Zesp\u00f3\u0142 bez Nazwy, Zesp\u00f3\u0142 \u201ePromyczek\u201d, Ochotnicza Stra\u017c Po\u017carna w \u015acinawie, Przychodnia w \u015acinawie, Fundacja \u201ePrzysta\u0144\u201d w \u015acinawie i Warsztat Terapii Zaj\u0119ciowej \u201eU\u015bmiech\u201d, Piekarnia \u201eWi\u015bniewscy\u201d w \u015acinawie, Mustang Klub Polska-Stajnia Dolny \u015al\u0105sk, Studio Balans, Akademia Sztuk Walki GoK1 Piotr Moli\u0144ski Lewkowicz, 7 Wi\u0144szcza\u0144ska Dru\u017cyna Harcerek \u201ePolana\u201d, Ocelot Foundation\/ Fundacja Wspierania Kultury Ruchu-Ocelot\/ Bogdan Zaj\u0105c, EventExpress fotobudka\/ fotolustro\/ barmix, Animacje Jacek Placek i wokalistyka Kasia Wilk.<br \/>\nPe\u0142na lista darczy\u0144c\u00f3w i os\u00f3b pomagaj\u0105cych w organizacji fina\u0142u zostanie opublikowana w podsumowaniu wydarzenia.<\/p>\n<p>W trakcie fina\u0142u tradycyjnie odb\u0119dzie si\u0119 \u201efantowy zawr\u00f3t g\u0142owy\u201d z cennymi i ciekawymi przedmiotami oraz us\u0142ugami, mo\u017cna b\u0119dzie skorzysta\u0107 z fachowych porad i pobawi\u0107 si\u0119 z animatorami, a wszystkie atrakcje dost\u0119pne b\u0119d\u0105 za \u201ewrzut do puszki\u201d.<\/p>\n<p><a href=\"http:\/\/nowa.scinawa.pl\/wp-content\/uploads\/2023\/01\/326133749_873845350485560_5132455356844258252_n.jpg\"><img decoding=\"async\" loading=\"lazy\" class=\"aligncenter size-full wp-image-28507\" src=\"http:\/\/nowa.scinawa.pl\/wp-content\/uploads\/2023\/01\/326133749_873845350485560_5132455356844258252_n.jpg\" alt=\"\" width=\"1448\" height=\"2048\" srcset=\"https:\/\/scinawa.pl\/wp-content\/uploads\/2023\/01\/326133749_873845350485560_5132455356844258252_n.jpg 1448w, https:\/\/scinawa.pl\/wp-content\/uploads\/2023\/01\/326133749_873845350485560_5132455356844258252_n-212x300.jpg 212w, https:\/\/scinawa.pl\/wp-content\/uploads\/2023\/01\/326133749_873845350485560_5132455356844258252_n-724x1024.jpg 724w, https:\/\/scinawa.pl\/wp-content\/uploads\/2023\/01\/326133749_873845350485560_5132455356844258252_n-768x1086.jpg 768w, https:\/\/scinawa.pl\/wp-content\/uploads\/2023\/01\/326133749_873845350485560_5132455356844258252_n-1086x1536.jpg 1086w, https:\/\/scinawa.pl\/wp-content\/uploads\/2023\/01\/326133749_873845350485560_5132455356844258252_n-17x24.jpg 17w, https:\/\/scinawa.pl\/wp-content\/uploads\/2023\/01\/326133749_873845350485560_5132455356844258252_n-25x36.jpg 25w, https:\/\/scinawa.pl\/wp-content\/uploads\/2023\/01\/326133749_873845350485560_5132455356844258252_n-34x48.jpg 34w\" sizes=\"(max-width: 1448px) 100vw, 1448px\" \/><\/a><\/p>\n<p align=\"justify\">Aby pom\u00f3c organizatorom \u015bcinawskiego fina\u0142u WO\u015aP, kt\u00f3rzy za cel stawiaj\u0105 sobie oczywi\u015bcie pobicie zesz\u0142orocznego rekordu (25 tysi\u0119cy z\u0142otych), mo\u017cna wspom\u00f3c lokalny sztab:<br \/>\n\u2013 przekazuj\u0105c wp\u0142aty na eSkarbonk\u0119 O\u015brodka Dzia\u0142a\u0144 Edukacyjnych i Tw\u00f3rczych Schronisko M\u0142odzie\u017cowe \u201ePa\u0142acyk\u201d. Indywidualny link: <a href=\"https:\/\/eskarbonka.wosp.org.pl\/qdx76r?fbclid=IwAR0jOkpXrf59hrDGElcRKIBuS3IbJWKNVZkoZKE6uEnZ0FnZ_OiNxcBlHHk\">https:\/\/eskarbonka.wosp.org.pl\/qdx76r?fbclid=IwAR0jOkpXrf59hrDGElcRKIBuS3IbJWKNVZkoZKE6uEnZ0FnZ_OiNxcBlHHk<\/a>;<br \/>\n\u2013 przekazuj\u0105c przedmioty, kt\u00f3re organizatorzy mogli b\u0119d\u0105 wystawi\u0107 na licytacje (preferowane s\u0105 ciekawe prace artystyczne, ksi\u0105\u017cki z autografami i inne warto\u015bciowe rzeczy);<br \/>\n\u2013 promowa\u0107 i zach\u0119ca\u0107 do wzi\u0119cia udzia\u0142u w \u015bcinawskim finale, kt\u00f3ry odb\u0119dzie si\u0119 w CTiK przy ulicy Ko\u015bciuszki 1.<br \/>\nPrzedmioty wystawiane na licytacje b\u0119d\u0105 szerzej prezentowane na profilu facebookowym \u201ePa\u0142acyku\u201d: <a href=\"https:\/\/www.facebook.com\/profile.php?id=100057449229009\">https:\/\/www.facebook.com\/profile.php?id=100057449229009<\/a>, organizatorzy b\u0119d\u0105 si\u0119 tak\u017ce dzieli\u0107 swoimi pomys\u0142ami i zdradza\u0107 atrakcje, kt\u00f3re towarzyszy\u0142y b\u0119d\u0105 31. Fina\u0142 Wielkiej Orkiestry \u015awi\u0105tecznej Pomocy.<br \/>\nWolontariusze prosz\u0105, by przekazywa\u0107 przedmioty na licytacje do recepcji \u201ePa\u0142acyku\u201d wraz z imieniem i nazwiskiem darczy\u0144cy do 26 stycznia 2023.<br \/>\nZapraszamy do udzia\u0142u i 29 stycznia widzimy si\u0119 w Centrum Turystyki i Kultury w \u015acinawie!<\/p>\n","protected":false},"excerpt":{"rendered":"<p>Niedziela w Centrum Turystyki i Kultury w \u015acinawie zapowiada si\u0119 bardzo ciekawie, dlatego podczas 31. Fina\u0142u Wielkiej Orkiestry \u015awi\u0105tecznej Pomocy<\/p>\n","protected":false},"author":3,"featured_media":28508,"comment_status":"open","ping_status":"open","sticky":false,"template":"","format":"standard","meta":{"ngg_post_thumbnail":0},"categories":[12,3],"tags":[1214,385],"_links":{"self":[{"href":"https:\/\/scinawa.pl\/index.php\/wp-json\/wp\/v2\/posts\/28506"}],"collection":[{"href":"https:\/\/scinawa.pl\/index.php\/wp-json\/wp\/v2\/posts"}],"about":[{"href":"https:\/\/scinawa.pl\/index.php\/wp-json\/wp\/v2\/types\/post"}],"author":[{"embeddable":true,"href":"https:\/\/scinawa.pl\/index.php\/wp-json\/wp\/v2\/users\/3"}],"replies":[{"embeddable":true,"href":"https:\/\/scinawa.pl\/index.php\/wp-json\/wp\/v2\/comments?post=28506"}],"version-history":[{"count":3,"href":"https:\/\/scinawa.pl\/index.php\/wp-json\/wp\/v2\/posts\/28506\/revisions"}],"predecessor-version":[{"id":28511,"href":"https:\/\/scinawa.pl\/index.php\/wp-json\/wp\/v2\/posts\/28506\/revisions\/28511"}],"wp:featuredmedia":[{"embeddable":true,"href":"https:\/\/scinawa.pl\/index.php\/wp-json\/wp\/v2\/media\/28508"}],"wp:attachment":[{"href":"https:\/\/scinawa.pl\/index.php\/wp-json\/wp\/v2\/media?parent=28506"}],"wp:term":[{"taxonomy":"category","embeddable":true,"href":"https:\/\/scinawa.pl\/index.php\/wp-json\/wp\/v2\/categories?post=28506"},{"taxonomy":"post_tag","embeddable":true,"href":"https:\/\/scinawa.pl\/index.php\/wp-json\/wp\/v2\/tags?post=28506"}],"curies":[{"name":"wp","href":"https:\/\/api.w.org\/{rel}","templated":true}]}}