{"id":284,"date":"2017-05-15T14:14:32","date_gmt":"2017-05-15T12:14:32","guid":{"rendered":"http:\/\/nowa.scinawa.pl\/?p=284"},"modified":"2017-08-07T12:06:35","modified_gmt":"2017-08-07T10:06:35","slug":"zglos-kandydata-do-nagrody-miasta-i-gminy-scinawa","status":"publish","type":"post","link":"https:\/\/scinawa.pl\/index.php\/2017\/05\/15\/zglos-kandydata-do-nagrody-miasta-i-gminy-scinawa\/","title":{"rendered":"Zg\u0142o\u015b kandydata do Nagrody Miasta i Gminy \u015acinawa"},"content":{"rendered":"<p><P align=\"justify\">Na ostatnich obradach \u015bcinawskich rajc\u00f3w przyj\u0119to uchwa\u0142\u0119 w sprawie wyboru Rady Nominacyjnej, kt\u00f3ra powo\u0142ywana jest w celu opiniowania wniosk\u00f3w o przyznanie Nagrody Miasta i Gminy \u015acinawa. <\/P><!--more--><br \/>\n<P align=\"justify\"Poprzez g\u0142osowanie tajne do tego gremium wybrano nast\u0119puj\u0105cych radnych: Monik\u0119 \u017bogalsk\u0105, Ann\u0119 Podbuck\u0105, Paw\u0142a Kowalskiego, Danut\u0119 Paw\u0142oszy\u0144sk\u0105, J\u00f3zefa Szebeszowicza, W\u0142odzimierza Jagie\u0142\u0142o oraz Mariusza Mostowskiego. <\/P><br \/>\n<P align=\"justify\">Dnia 10 maja odby\u0142o si\u0119 pierwsze posiedzenie Rady Nominacyjnej, na kt\u00f3rym wybrano jej przewodnicz\u0105cego, kt\u00f3rym zosta\u0142a Monika \u017bogalska.<\/P><br \/>\n<P align=\"justify\">Ustalono termin sk\u0142adania wniosk\u00f3w oraz kolejnego spotkania, na kt\u00f3rym cz\u0142onkowie rady b\u0119d\u0119 sprawdzali z\u0142o\u017cone wnioski pod wzgl\u0119dem formalnym.<\/P><br \/>\n<P align=\"justify\">Przypominamy, \u017ce zgodnie ze statutem miasta przedmiotow\u0105 nagrod\u0119 przyznaje Rada Miejska w \u015acinawie na wniosek Rady Nominacyjnej.<\/P><br \/>\n<P align=\"justify\">Uprawnionymi do sk\u0142adania wniosk\u00f3w z uzasadnieniem s\u0105:<\/P><br \/>\n<UL><br \/>\n<LI>przewodnicz\u0105cy \u015bcinawskiej rady miejskiej,<\/LI><br \/>\n<LI>komisje rady,<\/LI><br \/>\n<LI>burmistrz \u015acinawy,<\/LI><br \/>\n<LI>organizacje i zak\u0142ady pracy dzia\u0142aj\u0105ce na terenie miasta i gminy,<\/LI><br \/>\n<LI>mieszka\u0144cy miasta i gminy \u015acinawa w liczbie co najmniej 25 os\u00f3b posiadaj\u0105cych pe\u0142n\u0105 zdolno\u015b\u0107 do czynno\u015bci prawnych.<\/LI><br \/>\n<\/UL><br \/>\n<P align=\"justify\">Dotychczasowymi laureatami tego wyr\u00f3\u017cnienia byli:<\/P><br \/>\n<UL><br \/>\n<LI>w roku 2004: siostra Ancilla &#8211; Teresa Brze\u0144ska, ksi\u0105dz Pra\u0142at Bogdan Kaczorowski oraz Zesp\u00f3\u0142 Folklorystyczny Ziemi \u015acinawskiej;<\/LI><br \/>\n<LI>w roku 2005: Zwi\u0105zek Sybirak\u00f3w w \u015acinawie oraz Lidia Stembalska;<\/LI><br \/>\n<LI>w roku 2006: Jan Sidorowicz;<\/LI><br \/>\n<LI>w roku 2007: Walenty Palica;<\/LI><br \/>\n<LI>w roku 2008: Klub Karate Goju Ryu;<\/LI><br \/>\n<LI>w roku 2009: Stowarzyszenie &#8222;Aktywny Dziewin&#8221;;<\/LI><br \/>\n<LI>w roku 2010: Mieczys\u0142aw Kra\u015bnia\u0144ski;<\/LI><br \/>\n<LI>w roku 2011: Dariusz \u0141ach;<\/LI><br \/>\n<LI>w roku 2012: Stowarzyszenie &#8222;R\u00f3wne Szanse&#8221; w \u015acinawie;<\/LI><br \/>\n<LI>w roku 2013: Klub Sportowy &#8222;Start&#8221; \u015acinawa;<\/LI><br \/>\n<LI>w roku 2014: Artur Trubicki;<\/LI><br \/>\n<LI>w roku 2015: Kazimierz Makuchowski;<\/LI><br \/>\n<LI>w roku 2016: Miejski Klub Sportowy &#8222;ODRA&#8221; \u015acinawa.<\/LI><br \/>\n<\/UL><br \/>\n<P align=\"justify\">Termin sk\u0142adania wniosk\u00f3w wraz z uzasadnieniem o przyznanie Nagrody Miasta i Gminy \u015acinawa wyznaczono <STRONG>do dnia 23 maja 2017r.<\/STRONG> Dokumenty nale\u017cy sk\u0142ada\u0107 w sekretariacie \u015bcinawskiego urz\u0119du, Rynek 17, I pi\u0119tro.<\/P><br \/>\n<P align=\"justify\">Nagroda Miasta i Gminy \u015acinawa zostanie wr\u0119czona podczas dni miasta, kt\u00f3re odb\u0119d\u0105 si\u0119 3 i 4 czerwca br.<\/P><br \/>\n<P align=\"justify\">Poni\u017cej za\u0142\u0105czamy oficjalny komunikat w sprawie przyznania Nagrody Miasta i Gminy \u015acinawa:<\/P><\/p>\n","protected":false},"excerpt":{"rendered":"<p>Na ostatnich obradach \u015bcinawskich rajc\u00f3w przyj\u0119to uchwa\u0142\u0119 w sprawie wyboru Rady Nominacyjnej, kt\u00f3ra powo\u0142ywana jest w celu opiniowania wniosk\u00f3w o<\/p>\n","protected":false},"author":2,"featured_media":285,"comment_status":"open","ping_status":"open","sticky":false,"template":"","format":"standard","meta":{"ngg_post_thumbnail":0},"categories":[4],"tags":[27,26,28],"_links":{"self":[{"href":"https:\/\/scinawa.pl\/index.php\/wp-json\/wp\/v2\/posts\/284"}],"collection":[{"href":"https:\/\/scinawa.pl\/index.php\/wp-json\/wp\/v2\/posts"}],"about":[{"href":"https:\/\/scinawa.pl\/index.php\/wp-json\/wp\/v2\/types\/post"}],"author":[{"embeddable":true,"href":"https:\/\/scinawa.pl\/index.php\/wp-json\/wp\/v2\/users\/2"}],"replies":[{"embeddable":true,"href":"https:\/\/scinawa.pl\/index.php\/wp-json\/wp\/v2\/comments?post=284"}],"version-history":[{"count":1,"href":"https:\/\/scinawa.pl\/index.php\/wp-json\/wp\/v2\/posts\/284\/revisions"}],"predecessor-version":[{"id":286,"href":"https:\/\/scinawa.pl\/index.php\/wp-json\/wp\/v2\/posts\/284\/revisions\/286"}],"wp:featuredmedia":[{"embeddable":true,"href":"https:\/\/scinawa.pl\/index.php\/wp-json\/wp\/v2\/media\/285"}],"wp:attachment":[{"href":"https:\/\/scinawa.pl\/index.php\/wp-json\/wp\/v2\/media?parent=284"}],"wp:term":[{"taxonomy":"category","embeddable":true,"href":"https:\/\/scinawa.pl\/index.php\/wp-json\/wp\/v2\/categories?post=284"},{"taxonomy":"post_tag","embeddable":true,"href":"https:\/\/scinawa.pl\/index.php\/wp-json\/wp\/v2\/tags?post=284"}],"curies":[{"name":"wp","href":"https:\/\/api.w.org\/{rel}","templated":true}]}}