{"id":28243,"date":"2022-12-19T13:11:48","date_gmt":"2022-12-19T12:11:48","guid":{"rendered":"http:\/\/nowa.scinawa.pl\/?p=28243"},"modified":"2022-12-19T13:13:03","modified_gmt":"2022-12-19T12:13:03","slug":"gmina-scinawa-z-kolejnym-wyroznieniem-foto","status":"publish","type":"post","link":"https:\/\/scinawa.pl\/index.php\/2022\/12\/19\/gmina-scinawa-z-kolejnym-wyroznieniem-foto\/","title":{"rendered":"Gmina \u015acinawa z kolejnym wyr\u00f3\u017cnieniem! (FOTO)"},"content":{"rendered":"<p align=\"justify\"><strong>Fundacja Rozwoju Demokracji Lokalnej we wsp\u00f3\u0142pracy z G\u0142\u00f3wnym Urz\u0119dem Statystycznym przygotowa\u0142a Ranking Gmin Wojew\u00f3dztwa Dolno\u015bl\u0105skiego. Zestawienie kompleksowo analizuje rozw\u00f3j spo\u0142eczno-gospodarczy poszczeg\u00f3lnych samorz\u0105d\u00f3w w naszym regionie. W tym roku Gmina \u015acinawa znalaz\u0142a si\u0119 na 2. miejscu, notuj\u0105c awans o 11 pozycji. W miniony pi\u0105tek 16 grudnia w Sali Sejmikowej Dolno\u015bl\u0105skiego Urz\u0119du Wojew\u00f3dzkiego odby\u0142o si\u0119 uroczyste wr\u0119czenie nagr\u00f3d dla samorz\u0105d\u00f3w lideruj\u0105cych w Rankingu Gmin Wojew\u00f3dztwa Dolno\u015bl\u0105skiego \u2013 celem tego podsumowania jest wy\u0142onienie i promowanie gmin wyr\u00f3\u017cniaj\u0105cych si\u0119 pod wzgl\u0119dem zr\u00f3wnowa\u017conego rozwoju, \u0142\u0105cz\u0105cego kwestie spo\u0142eczne, gospodarcze, \u015brodowiskowe, a tak\u017ce przestrzenne, co ma bezpo\u015brednie prze\u0142o\u017cenie na jako\u015b\u0107 \u017cycia mieszka\u0144c\u00f3w. Wszystkie samorz\u0105dy Dolnego \u015al\u0105ska, z wyj\u0105tkiem miast na prawach powiatu, konkurowa\u0142y ze sob\u0105 w dw\u00f3ch kategoriach: do i powy\u017cej 20 tys. mieszka\u0144c\u00f3w. Patronat honorowy nad wydarzeniem obj\u0105\u0142 Wojewoda Dolno\u015bl\u0105ski.<\/strong><\/p>\n<p align=\"justify\">\u2013 Nasze rankingi to rankingi zr\u00f3wnowa\u017conego rozwoju. Przy ich opracowywaniu bierzemy pod uwag\u0119 nie tylko dane ekonomiczne, lecz r\u00f3wnie\u017c spo\u0142eczne i \u015brodowiskowe. O miejscu w zestawieniu decyduje 16 obiektywnych wska\u017anik\u00f3w dobranych we wsp\u00f3\u0142pracy z G\u0142\u00f3wnym Urz\u0119dem Statystycznym \u2013 m\u00f3wi\u0142 podczas uroczystej gali we Wroc\u0142awiu dr Cezary Trutkowski, Prezes Zarz\u0105du Fundacji Rozwoju Demokracji Lokalnej im. Jerzego Regulskiego. \u2013 Rankingi odnosz\u0105 si\u0119 do proces\u00f3w d\u0142ugotrwa\u0142ych, a oceniane przez nas dzia\u0142ania maj\u0105 charakter strategiczny. Jedno wydarzenie np. ekstra dofinansowanie dla gminy nie wp\u0142ywa na miejsce w rankingu. Ocenie poddajemy gminy podobne do siebie, dzia\u0142aj\u0105ce w zbli\u017conych warunkach na terenie jednego wojew\u00f3dztwa \u2013 wyja\u015bnia\u0142 szef FRDL.<\/p>\n<p align=\"justify\">\u2013 To nasz kolejny wsp\u00f3lny sukces, chcia\u0142em podzi\u0119kowa\u0107 wszystkim, kt\u00f3rzy przyczyniaj\u0105 si\u0119 do rozwoju \u015bcinawskiego samorz\u0105du: radnym, pracownikom urz\u0119du i jednostek bud\u017cetowych, a tak\u017ce so\u0142ectwom, cz\u0142onkom stowarzysze\u0144, grup formalnych i nieformalnych, kt\u00f3re anga\u017cuj\u0105 si\u0119 w \u017cycie naszej wsp\u00f3lnoty. \u015acinawa si\u0119 rozwija, prowadzimy skoordynowane dzia\u0142ania oparte o przyj\u0119t\u0105 i konsultowan\u0105 wcze\u015bniej z mieszka\u0144cami strategi\u0119 \u2013 podsumowa\u0142 burmistrz Krystian Koszty\u0142a.<\/p>\n<p align=\"justify\"><strong>W tym roku na pierwszych miejscach spo\u015br\u00f3d gmin do 20 tysi\u0119cy mieszka\u0144c\u00f3w znalaz\u0142y si\u0119:<\/strong><br \/>\nI Gmina Jerzmanowa,<br \/>\nII Gmina \u015acinawa (awans z 13. miejsca w stosunku do roku minionego),<br \/>\nIII Gmina Gr\u0119bocice.<\/p>\n<p align=\"justify\">Przy ustalaniu rankingu, wzi\u0119to pod uwag\u0119 16 r\u00f3\u017cnych wska\u017anik\u00f3w, podzielonych na 3 strefy: gospodarcz\u0105, spo\u0142eczn\u0105, \u015brodowiskow\u0105 i przestrzenn\u0105.<\/p>\n<p align=\"justify\"><em>Sfera gospodarcza:<\/em><br \/>\n1. \u015arednioroczne dochody w\u0142asne bud\u017cet\u00f3w gmin na 1 mieszka\u0144ca w latach 2019\u20132021,<br \/>\n2. \u015arednioroczne wydatki inwestycyjne bud\u017cet\u00f3w gmin na 1 mieszka\u0144ca w latach 2019\u20132021,<br \/>\n3. \u015arednioroczny wska\u017anik zad\u0142u\u017cenia bud\u017cet\u00f3w gmin w latach 2019\u20132021,<br \/>\n4. \u015arednioroczne \u015brodki z Unii Europejskiej i innych \u017ar\u00f3de\u0142 niepodlegaj\u0105ce zwrotowi na finansowanie program\u00f3w i projekt\u00f3w unijnych stanowi\u0105ce doch\u00f3d bud\u017cet\u00f3w gmin na 1 mieszka\u0144ca w latach 2019\u20132021,<br \/>\n5. Udzia\u0142 wydatk\u00f3w bie\u017c\u0105cych na administracj\u0119 publiczn\u0105 w wydatkach og\u00f3\u0142em bud\u017cet\u00f3w gmin w 2021 r.<br \/>\nSfera spo\u0142eczna:<br \/>\n6. Przyrost naturalny na 1000 ludno\u015bci w 2021 r.,<br \/>\n7. Saldo migracji na 1000 ludno\u015bci w 2021 r.,<br \/>\n8. Udzia\u0142 d\u0142ugotrwale bezrobotnych zarejestrowanych w liczbie ludno\u015bci w wieku produkcyjnym w 2021 r. (stan w dniu 31 grudnia),<br \/>\n9. \u015aredni wynik egzaminu \u00f3smoklasisty w 2022 r.,<br \/>\n10. Udzia\u0142 nak\u0142ad\u00f3w na szkolenia pracownik\u00f3w rad gmin i urz\u0119d\u00f3w gmin w wydatkach bie\u017c\u0105cych bud\u017cet\u00f3w gmin na administracj\u0119 publiczn\u0105 w 2021 r.,<br \/>\n11. Wydatki bud\u017cet\u00f3w gmin na kultur\u0119 i ochron\u0119 dziedzictwa narodowego (z wy\u0142\u0105czeniem wydatk\u00f3w inwestycyjnych) na 1 mieszka\u0144ca w 2021 r.,<br \/>\n12. Udzia\u0142 \u015brodk\u00f3w przekazanych organizacjom pozarz\u0105dowym i innym podmiotom prowadz\u0105cym dzia\u0142alno\u015b\u0107 po\u017cytku publicznego w wydatkach bie\u017c\u0105cych bud\u017cet\u00f3w gmin w 2021 r.,<br \/>\n13. Wydatki bie\u017c\u0105ce bud\u017cet\u00f3w gmin na o\u015bwiat\u0119, wychowanie i opiek\u0119 nad dzieckiem w wieku do lat 3 na 1 mieszka\u0144ca w wieku przedprodukcyjnym w 2021 r.<br \/>\n<em>Sfera \u015brodowiskowa:<\/em><br \/>\n14. Wydatki bud\u017cet\u00f3w gmin na ochron\u0119 powietrza atmosferycznego i klimatu na 1 mieszka\u0144ca w 2021 r.,<br \/>\n15. Odsetek ludno\u015bci korzystaj\u0105cej z sieci kanalizacyjnej w 2021 r. (stan w dniu 31 grudnia).<br \/>\n<em>Sfera przestrzenna:<\/em><br \/>\n16. Udzia\u0142 powierzchni obj\u0119tej obowi\u0105zuj\u0105cymi miejscowymi planami zagospodarowania przestrzennego w powierzchni og\u00f3\u0142em gminy w 2021 r. (stan w dniu 31 grudnia).<\/p>\n<p align=\"justify\"><a href=\"http:\/\/nowa.scinawa.pl\/wp-content\/uploads\/2022\/12\/2-3.jpg\"><img decoding=\"async\" loading=\"lazy\" class=\"aligncenter size-full wp-image-28244\" src=\"http:\/\/nowa.scinawa.pl\/wp-content\/uploads\/2022\/12\/2-3.jpg\" alt=\"\" width=\"1024\" height=\"763\" srcset=\"https:\/\/scinawa.pl\/wp-content\/uploads\/2022\/12\/2-3.jpg 1024w, https:\/\/scinawa.pl\/wp-content\/uploads\/2022\/12\/2-3-300x224.jpg 300w, https:\/\/scinawa.pl\/wp-content\/uploads\/2022\/12\/2-3-768x572.jpg 768w, https:\/\/scinawa.pl\/wp-content\/uploads\/2022\/12\/2-3-24x18.jpg 24w, https:\/\/scinawa.pl\/wp-content\/uploads\/2022\/12\/2-3-36x27.jpg 36w, https:\/\/scinawa.pl\/wp-content\/uploads\/2022\/12\/2-3-48x36.jpg 48w\" sizes=\"(max-width: 1024px) 100vw, 1024px\" \/><\/a><\/p>\n<p><a href=\"http:\/\/nowa.scinawa.pl\/wp-content\/uploads\/2022\/12\/3-1.jpg\"><img decoding=\"async\" loading=\"lazy\" class=\"aligncenter size-full wp-image-28246\" src=\"http:\/\/nowa.scinawa.pl\/wp-content\/uploads\/2022\/12\/3-1.jpg\" alt=\"\" width=\"1024\" height=\"768\" srcset=\"https:\/\/scinawa.pl\/wp-content\/uploads\/2022\/12\/3-1.jpg 1024w, https:\/\/scinawa.pl\/wp-content\/uploads\/2022\/12\/3-1-300x225.jpg 300w, https:\/\/scinawa.pl\/wp-content\/uploads\/2022\/12\/3-1-768x576.jpg 768w, https:\/\/scinawa.pl\/wp-content\/uploads\/2022\/12\/3-1-24x18.jpg 24w, https:\/\/scinawa.pl\/wp-content\/uploads\/2022\/12\/3-1-36x27.jpg 36w, https:\/\/scinawa.pl\/wp-content\/uploads\/2022\/12\/3-1-48x36.jpg 48w\" sizes=\"(max-width: 1024px) 100vw, 1024px\" \/><\/a><\/p>\n<p><a href=\"http:\/\/nowa.scinawa.pl\/wp-content\/uploads\/2022\/12\/4-2.jpg\"><img decoding=\"async\" loading=\"lazy\" class=\"aligncenter size-full wp-image-28247\" src=\"http:\/\/nowa.scinawa.pl\/wp-content\/uploads\/2022\/12\/4-2.jpg\" alt=\"\" width=\"1024\" height=\"764\" srcset=\"https:\/\/scinawa.pl\/wp-content\/uploads\/2022\/12\/4-2.jpg 1024w, https:\/\/scinawa.pl\/wp-content\/uploads\/2022\/12\/4-2-300x224.jpg 300w, https:\/\/scinawa.pl\/wp-content\/uploads\/2022\/12\/4-2-768x573.jpg 768w, https:\/\/scinawa.pl\/wp-content\/uploads\/2022\/12\/4-2-24x18.jpg 24w, https:\/\/scinawa.pl\/wp-content\/uploads\/2022\/12\/4-2-36x27.jpg 36w, https:\/\/scinawa.pl\/wp-content\/uploads\/2022\/12\/4-2-48x36.jpg 48w\" sizes=\"(max-width: 1024px) 100vw, 1024px\" \/><\/a><\/p>\n<p><a href=\"http:\/\/nowa.scinawa.pl\/wp-content\/uploads\/2022\/12\/5-1.jpg\"><img decoding=\"async\" loading=\"lazy\" class=\"aligncenter size-full wp-image-28248\" src=\"http:\/\/nowa.scinawa.pl\/wp-content\/uploads\/2022\/12\/5-1.jpg\" alt=\"\" width=\"1024\" height=\"767\" srcset=\"https:\/\/scinawa.pl\/wp-content\/uploads\/2022\/12\/5-1.jpg 1024w, https:\/\/scinawa.pl\/wp-content\/uploads\/2022\/12\/5-1-300x225.jpg 300w, https:\/\/scinawa.pl\/wp-content\/uploads\/2022\/12\/5-1-768x575.jpg 768w, https:\/\/scinawa.pl\/wp-content\/uploads\/2022\/12\/5-1-24x18.jpg 24w, https:\/\/scinawa.pl\/wp-content\/uploads\/2022\/12\/5-1-36x27.jpg 36w, https:\/\/scinawa.pl\/wp-content\/uploads\/2022\/12\/5-1-48x36.jpg 48w\" sizes=\"(max-width: 1024px) 100vw, 1024px\" \/><\/a><\/p>\n<p><a href=\"http:\/\/nowa.scinawa.pl\/wp-content\/uploads\/2022\/12\/6.jpg\"><img decoding=\"async\" loading=\"lazy\" class=\"aligncenter size-full wp-image-28249\" src=\"http:\/\/nowa.scinawa.pl\/wp-content\/uploads\/2022\/12\/6.jpg\" alt=\"\" width=\"1024\" height=\"768\" srcset=\"https:\/\/scinawa.pl\/wp-content\/uploads\/2022\/12\/6.jpg 1024w, https:\/\/scinawa.pl\/wp-content\/uploads\/2022\/12\/6-300x225.jpg 300w, https:\/\/scinawa.pl\/wp-content\/uploads\/2022\/12\/6-768x576.jpg 768w, https:\/\/scinawa.pl\/wp-content\/uploads\/2022\/12\/6-24x18.jpg 24w, https:\/\/scinawa.pl\/wp-content\/uploads\/2022\/12\/6-36x27.jpg 36w, https:\/\/scinawa.pl\/wp-content\/uploads\/2022\/12\/6-48x36.jpg 48w\" sizes=\"(max-width: 1024px) 100vw, 1024px\" \/><\/a><\/p>\n<p><a href=\"http:\/\/nowa.scinawa.pl\/wp-content\/uploads\/2022\/12\/7.jpg\"><img decoding=\"async\" loading=\"lazy\" class=\"aligncenter size-full wp-image-28250\" src=\"http:\/\/nowa.scinawa.pl\/wp-content\/uploads\/2022\/12\/7.jpg\" alt=\"\" width=\"1024\" height=\"771\" srcset=\"https:\/\/scinawa.pl\/wp-content\/uploads\/2022\/12\/7.jpg 1024w, https:\/\/scinawa.pl\/wp-content\/uploads\/2022\/12\/7-300x226.jpg 300w, https:\/\/scinawa.pl\/wp-content\/uploads\/2022\/12\/7-768x578.jpg 768w, https:\/\/scinawa.pl\/wp-content\/uploads\/2022\/12\/7-24x18.jpg 24w, https:\/\/scinawa.pl\/wp-content\/uploads\/2022\/12\/7-36x27.jpg 36w, https:\/\/scinawa.pl\/wp-content\/uploads\/2022\/12\/7-48x36.jpg 48w\" sizes=\"(max-width: 1024px) 100vw, 1024px\" \/><\/a><\/p>\n","protected":false},"excerpt":{"rendered":"<p>Fundacja Rozwoju Demokracji Lokalnej we wsp\u00f3\u0142pracy z G\u0142\u00f3wnym Urz\u0119dem Statystycznym przygotowa\u0142a Ranking Gmin Wojew\u00f3dztwa Dolno\u015bl\u0105skiego. Zestawienie kompleksowo analizuje rozw\u00f3j spo\u0142eczno-gospodarczy<\/p>\n","protected":false},"author":3,"featured_media":28251,"comment_status":"open","ping_status":"open","sticky":false,"template":"","format":"standard","meta":{"ngg_post_thumbnail":0},"categories":[12,3],"tags":[1140],"_links":{"self":[{"href":"https:\/\/scinawa.pl\/index.php\/wp-json\/wp\/v2\/posts\/28243"}],"collection":[{"href":"https:\/\/scinawa.pl\/index.php\/wp-json\/wp\/v2\/posts"}],"about":[{"href":"https:\/\/scinawa.pl\/index.php\/wp-json\/wp\/v2\/types\/post"}],"author":[{"embeddable":true,"href":"https:\/\/scinawa.pl\/index.php\/wp-json\/wp\/v2\/users\/3"}],"replies":[{"embeddable":true,"href":"https:\/\/scinawa.pl\/index.php\/wp-json\/wp\/v2\/comments?post=28243"}],"version-history":[{"count":2,"href":"https:\/\/scinawa.pl\/index.php\/wp-json\/wp\/v2\/posts\/28243\/revisions"}],"predecessor-version":[{"id":28253,"href":"https:\/\/scinawa.pl\/index.php\/wp-json\/wp\/v2\/posts\/28243\/revisions\/28253"}],"wp:featuredmedia":[{"embeddable":true,"href":"https:\/\/scinawa.pl\/index.php\/wp-json\/wp\/v2\/media\/28251"}],"wp:attachment":[{"href":"https:\/\/scinawa.pl\/index.php\/wp-json\/wp\/v2\/media?parent=28243"}],"wp:term":[{"taxonomy":"category","embeddable":true,"href":"https:\/\/scinawa.pl\/index.php\/wp-json\/wp\/v2\/categories?post=28243"},{"taxonomy":"post_tag","embeddable":true,"href":"https:\/\/scinawa.pl\/index.php\/wp-json\/wp\/v2\/tags?post=28243"}],"curies":[{"name":"wp","href":"https:\/\/api.w.org\/{rel}","templated":true}]}}