{"id":28218,"date":"2022-12-14T15:33:39","date_gmt":"2022-12-14T14:33:39","guid":{"rendered":"http:\/\/nowa.scinawa.pl\/?p=28218"},"modified":"2022-12-14T15:33:39","modified_gmt":"2022-12-14T14:33:39","slug":"uczcili-pamiec-ofiar-stanu-wojennego","status":"publish","type":"post","link":"https:\/\/scinawa.pl\/index.php\/2022\/12\/14\/uczcili-pamiec-ofiar-stanu-wojennego\/","title":{"rendered":"Uczcili pami\u0119\u0107 ofiar stanu wojennego"},"content":{"rendered":"<p align=\"justify\"><strong>Burmistrz Krystian Koszty\u0142a uczestniczy\u0142 wczoraj w uroczysto\u015bciach upami\u0119tniaj\u0105cych ofiary stanu wojennego. Obchody rozpocz\u0119\u0142a msza \u015bwi\u0119ta, a w nabo\u017ce\u0144stwo wprowadzi\u0142 wiernych monta\u017c s\u0142owno-muzyczny po\u015bwi\u0119cony wydarzeniom sprzed 41 lat, przygotowany przez lubi\u0144sk\u0105 m\u0142odzie\u017c. Po liturgii delegacje w asy\u015bcie stra\u017cak\u00f3w, r\u00f3wnie\u017c z jednostek z gminy \u015acinawa, uda\u0142y si\u0119 pod pomnik Solidarno\u015bci, by z\u0142o\u017cy\u0107 kwiaty i wie\u0144ce.<\/strong><\/p>\n<p align=\"justify\">Foto: lubin.pl<\/p>\n","protected":false},"excerpt":{"rendered":"<p>Burmistrz Krystian Koszty\u0142a uczestniczy\u0142 wczoraj w uroczysto\u015bciach upami\u0119tniaj\u0105cych ofiary stanu wojennego. Obchody rozpocz\u0119\u0142a msza \u015bwi\u0119ta, a w nabo\u017ce\u0144stwo wprowadzi\u0142 wiernych<\/p>\n","protected":false},"author":3,"featured_media":28219,"comment_status":"open","ping_status":"open","sticky":false,"template":"","format":"standard","meta":{"ngg_post_thumbnail":0},"categories":[12],"tags":[],"_links":{"self":[{"href":"https:\/\/scinawa.pl\/index.php\/wp-json\/wp\/v2\/posts\/28218"}],"collection":[{"href":"https:\/\/scinawa.pl\/index.php\/wp-json\/wp\/v2\/posts"}],"about":[{"href":"https:\/\/scinawa.pl\/index.php\/wp-json\/wp\/v2\/types\/post"}],"author":[{"embeddable":true,"href":"https:\/\/scinawa.pl\/index.php\/wp-json\/wp\/v2\/users\/3"}],"replies":[{"embeddable":true,"href":"https:\/\/scinawa.pl\/index.php\/wp-json\/wp\/v2\/comments?post=28218"}],"version-history":[{"count":1,"href":"https:\/\/scinawa.pl\/index.php\/wp-json\/wp\/v2\/posts\/28218\/revisions"}],"predecessor-version":[{"id":28220,"href":"https:\/\/scinawa.pl\/index.php\/wp-json\/wp\/v2\/posts\/28218\/revisions\/28220"}],"wp:featuredmedia":[{"embeddable":true,"href":"https:\/\/scinawa.pl\/index.php\/wp-json\/wp\/v2\/media\/28219"}],"wp:attachment":[{"href":"https:\/\/scinawa.pl\/index.php\/wp-json\/wp\/v2\/media?parent=28218"}],"wp:term":[{"taxonomy":"category","embeddable":true,"href":"https:\/\/scinawa.pl\/index.php\/wp-json\/wp\/v2\/categories?post=28218"},{"taxonomy":"post_tag","embeddable":true,"href":"https:\/\/scinawa.pl\/index.php\/wp-json\/wp\/v2\/tags?post=28218"}],"curies":[{"name":"wp","href":"https:\/\/api.w.org\/{rel}","templated":true}]}}