{"id":28048,"date":"2022-11-17T12:15:29","date_gmt":"2022-11-17T11:15:29","guid":{"rendered":"http:\/\/nowa.scinawa.pl\/?p=28048"},"modified":"2022-11-17T12:33:31","modified_gmt":"2022-11-17T11:33:31","slug":"12-rodzin-z-naszej-gminy-otrzyma-swiateczne-wsparcie","status":"publish","type":"post","link":"https:\/\/scinawa.pl\/index.php\/2022\/11\/17\/12-rodzin-z-naszej-gminy-otrzyma-swiateczne-wsparcie\/","title":{"rendered":"12 rodzin z naszej gminy otrzyma \u015bwi\u0105teczne wsparcie"},"content":{"rendered":"<p align=\"justify\"><strong>Po raz czwarty gmina \u015acinawa w\u0142\u0105czy\u0142a si\u0119 w og\u00f3lnopolski projekt spo\u0142eczny Szlachetna Paczka, kt\u00f3rego g\u0142\u00f3wnym celem jest materialna i mentalna pomoc rodzinom i osobom znajduj\u0105cym si\u0119 w trudnej sytuacji \u017cyciowej. W tym roku wolontariusze odwiedzili 16 rodzin, by\u0142y to osoby samotne, niepe\u0142nosprawne, ale r\u00f3wnie\u017c gospodarstwa wielodzietne. Finalnie w\u0142\u0105czonych do projektu zosta\u0142o 12 rodzin.<\/strong><\/p>\n<p align=\"justify\">Ka\u017cda z rodziny, kt\u00f3re zosta\u0142y zamieszczone w bazie, ma ju\u017c wybranego darczy\u0144c\u0119. Tradycyjnie baza, do kt\u00f3rej w dniach 10 i 11 grudnia zostan\u0105 przekazane prezenty, zostanie zorganizowana w Centrum Turystyki i Kultury w \u015acinawie. To w\u0142a\u015bnie stamt\u0105d wolontariusze dostarcz\u0105 dary do potrzebuj\u0105cych rodzin.<br \/>\n&#8211; Z ca\u0142ego serca dzi\u0119kuj\u0119 wszystkim darczy\u0144com, kt\u00f3rzy przy\u0142\u0105czyli si\u0119 do naszej inicjatywy. Jeste\u015bcie wspaniali! Chc\u0119 tylko powiedzie\u0107, \u017ce sprawiacie potrzebuj\u0105cym ludziom wiele rado\u015bci, nam wolontariuszom r\u00f3wnie\u017c, bo widzimy wzruszenie obdarowanych, dzie\u0144 naszej wizyty jest dla nich zawsze szczeg\u00f3lny \u2013 przyznaje Marta Jamrozik, wolontariusz, lider Szlachetnej Paczki Rejon \u015acinawa.<\/p>\n","protected":false},"excerpt":{"rendered":"<p>Po raz czwarty gmina \u015acinawa w\u0142\u0105czy\u0142a si\u0119 w og\u00f3lnopolski projekt spo\u0142eczny Szlachetna Paczka, kt\u00f3rego g\u0142\u00f3wnym celem jest materialna i mentalna<\/p>\n","protected":false},"author":3,"featured_media":28049,"comment_status":"open","ping_status":"open","sticky":false,"template":"","format":"standard","meta":{"ngg_post_thumbnail":0},"categories":[12,3],"tags":[1572],"_links":{"self":[{"href":"https:\/\/scinawa.pl\/index.php\/wp-json\/wp\/v2\/posts\/28048"}],"collection":[{"href":"https:\/\/scinawa.pl\/index.php\/wp-json\/wp\/v2\/posts"}],"about":[{"href":"https:\/\/scinawa.pl\/index.php\/wp-json\/wp\/v2\/types\/post"}],"author":[{"embeddable":true,"href":"https:\/\/scinawa.pl\/index.php\/wp-json\/wp\/v2\/users\/3"}],"replies":[{"embeddable":true,"href":"https:\/\/scinawa.pl\/index.php\/wp-json\/wp\/v2\/comments?post=28048"}],"version-history":[{"count":2,"href":"https:\/\/scinawa.pl\/index.php\/wp-json\/wp\/v2\/posts\/28048\/revisions"}],"predecessor-version":[{"id":28051,"href":"https:\/\/scinawa.pl\/index.php\/wp-json\/wp\/v2\/posts\/28048\/revisions\/28051"}],"wp:featuredmedia":[{"embeddable":true,"href":"https:\/\/scinawa.pl\/index.php\/wp-json\/wp\/v2\/media\/28049"}],"wp:attachment":[{"href":"https:\/\/scinawa.pl\/index.php\/wp-json\/wp\/v2\/media?parent=28048"}],"wp:term":[{"taxonomy":"category","embeddable":true,"href":"https:\/\/scinawa.pl\/index.php\/wp-json\/wp\/v2\/categories?post=28048"},{"taxonomy":"post_tag","embeddable":true,"href":"https:\/\/scinawa.pl\/index.php\/wp-json\/wp\/v2\/tags?post=28048"}],"curies":[{"name":"wp","href":"https:\/\/api.w.org\/{rel}","templated":true}]}}