{"id":28041,"date":"2022-11-16T13:41:46","date_gmt":"2022-11-16T12:41:46","guid":{"rendered":"http:\/\/nowa.scinawa.pl\/?p=28041"},"modified":"2022-11-16T13:41:46","modified_gmt":"2022-11-16T12:41:46","slug":"na-6-miejscu-w-rankingu-zrownowazonego-rozwoju","status":"publish","type":"post","link":"https:\/\/scinawa.pl\/index.php\/2022\/11\/16\/na-6-miejscu-w-rankingu-zrownowazonego-rozwoju\/","title":{"rendered":"Na 6. miejscu w rankingu zr\u00f3wnowa\u017conego rozwoju!"},"content":{"rendered":"<p align=\"justify\"><strong>7 listopada br. opublikowany zosta\u0142 Ranking Zr\u00f3wnowa\u017conego Rozwoju Jednostek Samorz\u0105du Terytorialnego 2022. Zestawienie przygotowano w oparciu o analiz\u0119 wska\u017anik\u00f3w obejmuj\u0105cych trzy obszary: gospodarczy, spo\u0142eczny i ochrony \u015brodowiska. Jest nam mi\u0142o zakomunikowa\u0107, \u017ce w skali kraju \u015acinawa zaj\u0119\u0142a wysok\u0105 \u2013 6. pozycj\u0119 w kategorii gmin miejsko-wiejskich! W opracowywaniu przedmiotowego rankingu wsp\u00f3\u0142pracuj\u0105: sejmowa Komisja Samorz\u0105du Terytorialnego i Polityki Regionalnej, Wydzia\u0142 Zarz\u0105dzania Politechniki Warszawskiej oraz Fundacja God\u0142a Promocyjnego \u201eTeraz Polska\u201d.<\/strong><\/p>\n<p><a href=\"http:\/\/nowa.scinawa.pl\/wp-content\/uploads\/2022\/11\/gratr_page-0001.jpg\"><img decoding=\"async\" loading=\"lazy\" class=\"aligncenter size-full wp-image-28043\" src=\"http:\/\/nowa.scinawa.pl\/wp-content\/uploads\/2022\/11\/gratr_page-0001.jpg\" alt=\"\" width=\"1240\" height=\"1754\" srcset=\"https:\/\/scinawa.pl\/wp-content\/uploads\/2022\/11\/gratr_page-0001.jpg 1240w, https:\/\/scinawa.pl\/wp-content\/uploads\/2022\/11\/gratr_page-0001-212x300.jpg 212w, https:\/\/scinawa.pl\/wp-content\/uploads\/2022\/11\/gratr_page-0001-724x1024.jpg 724w, https:\/\/scinawa.pl\/wp-content\/uploads\/2022\/11\/gratr_page-0001-768x1086.jpg 768w, https:\/\/scinawa.pl\/wp-content\/uploads\/2022\/11\/gratr_page-0001-1086x1536.jpg 1086w, https:\/\/scinawa.pl\/wp-content\/uploads\/2022\/11\/gratr_page-0001-17x24.jpg 17w, https:\/\/scinawa.pl\/wp-content\/uploads\/2022\/11\/gratr_page-0001-25x36.jpg 25w, https:\/\/scinawa.pl\/wp-content\/uploads\/2022\/11\/gratr_page-0001-34x48.jpg 34w\" sizes=\"(max-width: 1240px) 100vw, 1240px\" \/><\/a><\/p>\n<p align=\"justify\">Jednostki samorz\u0105du terytorialnego zosta\u0142y ocenione na podstawie a\u017c 15 wska\u017anik\u00f3w GUS przez zesp\u00f3\u0142 pod kierownictwem prof. Eugeniusza Sobczaka z Politechniki Warszawskiej. O miejscach w rankingu decydowa\u0142a suma punkt\u00f3w uzyskana z oceny poni\u017cszych kryteri\u00f3w:<br \/>\n&#8211; wydatki maj\u0105tkowe inwestycyjne per capita;<br \/>\n&#8211; wydatki na transport i \u0142\u0105czno\u015b\u0107 per capita;<br \/>\n&#8211; odsetek wydatk\u00f3w maj\u0105tkowych inwestycyjnych w bud\u017cecie;<br \/>\n&#8211; odsetek wydatk\u00f3w na transport i \u0142\u0105czno\u015b\u0107;<br \/>\n&#8211; odsetek dochod\u00f3w w\u0142asnych w bud\u017cecie;<br \/>\n&#8211; liczba os\u00f3b pracuj\u0105cych na 1000 mieszka\u0144c\u00f3w;<br \/>\n&#8211; liczba os\u00f3b bezrobotnych na 1000 mieszka\u0144c\u00f3w;<br \/>\n&#8211; liczba podmiot\u00f3w gospodarczych na 1000 mieszka\u0144c\u00f3w;<br \/>\n&#8211; odsetek radnych z wy\u017cszym wykszta\u0142ceniem;<br \/>\n&#8211; nap\u0142yw ludno\u015bci w przeliczeniu na 1000 mieszka\u0144c\u00f3w;<br \/>\n&#8211; odp\u0142yw ludno\u015bci w przeliczeniu na 1000 mieszka\u0144c\u00f3w;<br \/>\n&#8211; liczba absolwent\u00f3w szk\u00f3\u0142 ponadgimnazjalnych na 1000 mieszka\u0144c\u00f3w;<br \/>\n&#8211; odsetek mieszka\u0144c\u00f3w korzystaj\u0105cych z us\u0142ug sieci wodoci\u0105gowej;<br \/>\n&#8211; odsetek mieszka\u0144c\u00f3w korzystaj\u0105cych z sieci kanalizacji komunalnej;<br \/>\n&#8211; odsetek mieszka\u0144c\u00f3w korzystaj\u0105cych z oczyszczalni \u015bciek\u00f3w.<\/p>\n<p align=\"justify\">W kategorii gmin miejsko-wiejskich, w kt\u00f3rej zosta\u0142a wyr\u00f3\u017cniona \u015acinawa zwyci\u0119\u017cy\u0142y Polkowice.<\/p>\n<p><a href=\"http:\/\/nowa.scinawa.pl\/wp-content\/uploads\/2022\/11\/ranking-gmin-2022-800\u00d7419-px.png\"><img decoding=\"async\" loading=\"lazy\" class=\"aligncenter size-full wp-image-28042\" src=\"http:\/\/nowa.scinawa.pl\/wp-content\/uploads\/2022\/11\/ranking-gmin-2022-800\u00d7419-px.png\" alt=\"\" width=\"800\" height=\"419\" srcset=\"https:\/\/scinawa.pl\/wp-content\/uploads\/2022\/11\/ranking-gmin-2022-800\u00d7419-px.png 800w, https:\/\/scinawa.pl\/wp-content\/uploads\/2022\/11\/ranking-gmin-2022-800\u00d7419-px-300x157.png 300w, https:\/\/scinawa.pl\/wp-content\/uploads\/2022\/11\/ranking-gmin-2022-800\u00d7419-px-768x402.png 768w, https:\/\/scinawa.pl\/wp-content\/uploads\/2022\/11\/ranking-gmin-2022-800\u00d7419-px-390x205.png 390w, https:\/\/scinawa.pl\/wp-content\/uploads\/2022\/11\/ranking-gmin-2022-800\u00d7419-px-24x13.png 24w, https:\/\/scinawa.pl\/wp-content\/uploads\/2022\/11\/ranking-gmin-2022-800\u00d7419-px-36x19.png 36w, https:\/\/scinawa.pl\/wp-content\/uploads\/2022\/11\/ranking-gmin-2022-800\u00d7419-px-48x25.png 48w\" sizes=\"(max-width: 800px) 100vw, 800px\" \/><\/a><\/p>\n<p align=\"justify\">Wi\u0119cej na temat rankingu na stronie: <a href=\"https:\/\/terazpolska.pl\/pl\/a\/Najlepsze-gminy-w-Polsce-wyniki-rankingu-2022\">https:\/\/terazpolska.pl\/pl\/a\/Najlepsze-gminy-w-Polsce-wyniki-rankingu-2022<\/a>.<\/p>\n","protected":false},"excerpt":{"rendered":"<p>7 listopada br. opublikowany zosta\u0142 Ranking Zr\u00f3wnowa\u017conego Rozwoju Jednostek Samorz\u0105du Terytorialnego 2022. Zestawienie przygotowano w oparciu o analiz\u0119 wska\u017anik\u00f3w obejmuj\u0105cych<\/p>\n","protected":false},"author":3,"featured_media":28044,"comment_status":"open","ping_status":"open","sticky":false,"template":"","format":"standard","meta":{"ngg_post_thumbnail":0},"categories":[12,3],"tags":[],"_links":{"self":[{"href":"https:\/\/scinawa.pl\/index.php\/wp-json\/wp\/v2\/posts\/28041"}],"collection":[{"href":"https:\/\/scinawa.pl\/index.php\/wp-json\/wp\/v2\/posts"}],"about":[{"href":"https:\/\/scinawa.pl\/index.php\/wp-json\/wp\/v2\/types\/post"}],"author":[{"embeddable":true,"href":"https:\/\/scinawa.pl\/index.php\/wp-json\/wp\/v2\/users\/3"}],"replies":[{"embeddable":true,"href":"https:\/\/scinawa.pl\/index.php\/wp-json\/wp\/v2\/comments?post=28041"}],"version-history":[{"count":3,"href":"https:\/\/scinawa.pl\/index.php\/wp-json\/wp\/v2\/posts\/28041\/revisions"}],"predecessor-version":[{"id":28047,"href":"https:\/\/scinawa.pl\/index.php\/wp-json\/wp\/v2\/posts\/28041\/revisions\/28047"}],"wp:featuredmedia":[{"embeddable":true,"href":"https:\/\/scinawa.pl\/index.php\/wp-json\/wp\/v2\/media\/28044"}],"wp:attachment":[{"href":"https:\/\/scinawa.pl\/index.php\/wp-json\/wp\/v2\/media?parent=28041"}],"wp:term":[{"taxonomy":"category","embeddable":true,"href":"https:\/\/scinawa.pl\/index.php\/wp-json\/wp\/v2\/categories?post=28041"},{"taxonomy":"post_tag","embeddable":true,"href":"https:\/\/scinawa.pl\/index.php\/wp-json\/wp\/v2\/tags?post=28041"}],"curies":[{"name":"wp","href":"https:\/\/api.w.org\/{rel}","templated":true}]}}