{"id":27982,"date":"2022-11-07T14:05:03","date_gmt":"2022-11-07T13:05:03","guid":{"rendered":"http:\/\/nowa.scinawa.pl\/?p=27982"},"modified":"2022-11-07T14:05:11","modified_gmt":"2022-11-07T13:05:11","slug":"obchody-104-rocznicy-odzyskania-suwerennosci","status":"publish","type":"post","link":"https:\/\/scinawa.pl\/index.php\/2022\/11\/07\/obchody-104-rocznicy-odzyskania-suwerennosci\/","title":{"rendered":"Obchody 104. rocznicy odzyskania suwerenno\u015bci"},"content":{"rendered":"<p align=\"justify\"><strong>Centrum Turystyki i Kultury w \u015acinawie oraz Burmistrz \u015acinawy zapraszaj\u0105 do udzia\u0142u w obchodach z okazji 104. rocznicy odzyskania przez Polsk\u0119 niepodleg\u0142o\u015bci. Uroczysto\u015bci rozpocznie ceremonia wci\u0105gni\u0119cia narodowej flagi na maszt w rynku, nast\u0119pnie ju\u017c w ko\u015bciele odprawiona zostanie msza \u015bwi\u0119ta w intencji wolnej Ojczyzny. Po eucharystii delegacje z\u0142o\u017c\u0105 wie\u0144ce i wi\u0105zanki pod pomnikiem pami\u0119ci w parku miejskim.<\/strong><\/p>\n<p align=\"justify\"><a href=\"http:\/\/nowa.scinawa.pl\/wp-content\/uploads\/2022\/11\/313047916_5888156874549111_8995265549502490976_n.jpg\"><img decoding=\"async\" loading=\"lazy\" class=\"aligncenter size-full wp-image-27983\" src=\"http:\/\/nowa.scinawa.pl\/wp-content\/uploads\/2022\/11\/313047916_5888156874549111_8995265549502490976_n.jpg\" alt=\"\" width=\"1448\" height=\"2048\" srcset=\"https:\/\/scinawa.pl\/wp-content\/uploads\/2022\/11\/313047916_5888156874549111_8995265549502490976_n.jpg 1448w, https:\/\/scinawa.pl\/wp-content\/uploads\/2022\/11\/313047916_5888156874549111_8995265549502490976_n-212x300.jpg 212w, https:\/\/scinawa.pl\/wp-content\/uploads\/2022\/11\/313047916_5888156874549111_8995265549502490976_n-724x1024.jpg 724w, https:\/\/scinawa.pl\/wp-content\/uploads\/2022\/11\/313047916_5888156874549111_8995265549502490976_n-768x1086.jpg 768w, https:\/\/scinawa.pl\/wp-content\/uploads\/2022\/11\/313047916_5888156874549111_8995265549502490976_n-1086x1536.jpg 1086w, https:\/\/scinawa.pl\/wp-content\/uploads\/2022\/11\/313047916_5888156874549111_8995265549502490976_n-17x24.jpg 17w, https:\/\/scinawa.pl\/wp-content\/uploads\/2022\/11\/313047916_5888156874549111_8995265549502490976_n-25x36.jpg 25w, https:\/\/scinawa.pl\/wp-content\/uploads\/2022\/11\/313047916_5888156874549111_8995265549502490976_n-34x48.jpg 34w\" sizes=\"(max-width: 1448px) 100vw, 1448px\" \/><\/a><\/p>\n","protected":false},"excerpt":{"rendered":"<p>Centrum Turystyki i Kultury w \u015acinawie oraz Burmistrz \u015acinawy zapraszaj\u0105 do udzia\u0142u w obchodach z okazji 104. rocznicy odzyskania przez<\/p>\n","protected":false},"author":3,"featured_media":27984,"comment_status":"open","ping_status":"open","sticky":false,"template":"","format":"standard","meta":{"ngg_post_thumbnail":0},"categories":[12,3],"tags":[],"_links":{"self":[{"href":"https:\/\/scinawa.pl\/index.php\/wp-json\/wp\/v2\/posts\/27982"}],"collection":[{"href":"https:\/\/scinawa.pl\/index.php\/wp-json\/wp\/v2\/posts"}],"about":[{"href":"https:\/\/scinawa.pl\/index.php\/wp-json\/wp\/v2\/types\/post"}],"author":[{"embeddable":true,"href":"https:\/\/scinawa.pl\/index.php\/wp-json\/wp\/v2\/users\/3"}],"replies":[{"embeddable":true,"href":"https:\/\/scinawa.pl\/index.php\/wp-json\/wp\/v2\/comments?post=27982"}],"version-history":[{"count":2,"href":"https:\/\/scinawa.pl\/index.php\/wp-json\/wp\/v2\/posts\/27982\/revisions"}],"predecessor-version":[{"id":27986,"href":"https:\/\/scinawa.pl\/index.php\/wp-json\/wp\/v2\/posts\/27982\/revisions\/27986"}],"wp:featuredmedia":[{"embeddable":true,"href":"https:\/\/scinawa.pl\/index.php\/wp-json\/wp\/v2\/media\/27984"}],"wp:attachment":[{"href":"https:\/\/scinawa.pl\/index.php\/wp-json\/wp\/v2\/media?parent=27982"}],"wp:term":[{"taxonomy":"category","embeddable":true,"href":"https:\/\/scinawa.pl\/index.php\/wp-json\/wp\/v2\/categories?post=27982"},{"taxonomy":"post_tag","embeddable":true,"href":"https:\/\/scinawa.pl\/index.php\/wp-json\/wp\/v2\/tags?post=27982"}],"curies":[{"name":"wp","href":"https:\/\/api.w.org\/{rel}","templated":true}]}}