{"id":27793,"date":"2022-10-17T13:52:37","date_gmt":"2022-10-17T11:52:37","guid":{"rendered":"http:\/\/nowa.scinawa.pl\/?p=27793"},"modified":"2022-10-18T09:05:02","modified_gmt":"2022-10-18T07:05:02","slug":"zdolni-scinawscy-seniorzy-foto","status":"publish","type":"post","link":"https:\/\/scinawa.pl\/index.php\/2022\/10\/17\/zdolni-scinawscy-seniorzy-foto\/","title":{"rendered":"Zdolni \u015bcinawscy seniorzy (FOTO)"},"content":{"rendered":"<p align=\"justify\"><strong>\u015acinawscy seniorzy to ludzie aktywni, ale przede wszystkim zdolni, tw\u00f3rczy i utalentowani. Fundacj\u0105 \u201ePrzysta\u0144\u201d zorganizowa\u0142a dla nich specjalne warsztaty artystyczne w ramach projektu \u201eTw\u00f3rcza PRZYSTA\u0143 dla Senior\u00f3w &#8222;. W ci\u0105gu trzech miesi\u0119cy kilkudziesi\u0119ciu mieszka\u0144c\u00f3w gminy, kt\u00f3rzy chc\u0105 dzia\u0142a\u0107 i si\u0119 rozwija\u0107, odkry\u0142o nowe talenty, mi\u0119dzy innymi: rze\u017abili, malowali, pracowali z glin\u0105, zajmowali si\u0119 florystyk\u0105 i fotografi\u0105. W zesz\u0142ym tygodniu w Centrum Turystyki i Kultury w \u015acinawie podsumowano i zaprezentowano efekty artystycznej pracy zdolnych senior\u00f3w, ko\u0144cz\u0105c tym samym dwa etapy warsztat\u00f3w.<\/strong><\/p>\n<p align=\"justify\">&#8211; Jest tu naprawd\u0119 du\u017co os\u00f3b utalentowanych i os\u00f3b z pasj\u0105 tworzenia czegokolwiek. One spe\u0142nia\u0142y si\u0119 nie tylko na moich warsztatach malarskich, ale r\u00f3wnie\u017c na innych. Maj\u0105 w sobie tak\u0105 ogromn\u0105 ch\u0119\u0107 uczenia si\u0119 czego\u015b nowego i tyle rado\u015bci w sobie, \u017ce to si\u0119 naprawd\u0119 rzadko spotyka \u2013 relacjonowa\u0142a b\u0119d\u0105ca pod ogromnym wra\u017ceniem Joanna Siwak, artysta malarz.<br \/>\n&#8211; Zako\u0144czyli\u015bmy pierwszy i drugi etap warsztat\u00f3w, gdzie powstawa\u0142y pi\u0119kne prace w dw\u00f3ch oddzielnych blokach &#8211; podkre\u015bla\u0142a Dorota Gi\u017cewska, prezes zarz\u0105du Fundacji &#8222;Przysta\u0144&#8221; w \u015acinawie, organizator warsztat\u00f3w. &#8211; Pierwszy z nich to \u201eTw\u00f3rcza d\u0142o\u0144 seniora\u201d, w ramach kt\u00f3rego zorganizowali\u015bmy warsztaty florystyczne, ceramiczne, krawieckie i r\u0119kodzielnicze. Drugi blok odbywa\u0142 si\u0119 pod nazw\u0105 \u201eUchwyceni w kadrze\u201d i by\u0142y to warsztaty fotograficzne \u2013 dodawa\u0142a szefowa fundacji.<br \/>\nWszystkie zaj\u0119cia trwa\u0142y trzy miesi\u0105ce, by\u0142o to 12 spotka\u0144, a ka\u017cde z nich trwa\u0142o po 3 godziny.<br \/>\nWarto podkre\u015bli\u0107, \u017ce Fundacja Przysta\u0144 w \u015acinawie na realizacj\u0119 projektu \u201eTw\u00f3rcza przysta\u0144 seniora\u201d oraz \u201eUchwyceni w kadrze\u201d pozyska\u0142a \u015brodki z Ministerstwa Rodziny i Polityki Spo\u0142ecznej &#8211; Aktywni +.<\/p>\n<p align=\"justify\">\u015acinawscy seniorzy odkryli w sobie nowe pasje, w warsztatach uczestniczyli z przyjemno\u015bci\u0105. Udzia\u0142 w zaj\u0119ciach, opr\u00f3cz rozbudzania w mieszka\u0144cach pasji, sprawia\u0142, \u017ce seniorzy ch\u0119tnie wychodzili z dom\u00f3w, integrowali si\u0119 i dobrze bawili. Kontakt ze sztuk\u0105 prowokowa\u0142 ciekawe rozmowy, wymiany pogl\u0105d\u00f3w i rozbudza\u0142 kreatywno\u015b\u0107: &#8211; Polecam ka\u017cdemu, kto czuje si\u0119 samotnym, w\u0142a\u015bnie tego typu warsztaty. Wystarczy tylko troch\u0119 ch\u0119ci, wyj\u015b\u0107 z domu do ludzi. Jest mo\u017cliwo\u015b\u0107 zobaczenia si\u0119, rozmowy, tutaj wymieniamy do\u015bwiadczenia, no ale przede wszystkich s\u0105 to kreatywne zaj\u0119cia, rozwijaj\u0105ce nasze pasje, to wszystko co seniorom mo\u017cna da\u0107 &#8211; t\u0142umaczy\u0142a El\u017cbieta Pawlaczek, jedna z uczestniczek projektu.<\/p>\n<p align=\"justify\">Wystawy zwi\u0105zane z podsumowaniem projektu potwierdzi\u0142y zdolno\u015bci \u015bcinawskich senior\u00f3w. Powsta\u0142y pi\u0119kne prace, uczestnicy w 3 miesi\u0105ce opanowali nowe umiej\u0119tno\u015bci na zdecydowanie wy\u017cszym poziomie, ni\u017c podstawy: &#8211; Jestem pod ogromnym wra\u017ceniem wszystkich tych dzie\u0142. Przepi\u0119kne fotografie, niezwyk\u0142e obrazy i r\u0119kodzie\u0142a, niejedna kwiaciarnia pozazdro\u015bci\u0142aby takich bukiet\u00f3w. Mog\u0119 tylko powiedzie\u0107, \u017ce w \u015acinawie mamy naprawd\u0119 zdolnych, dojrza\u0142ych artyst\u00f3w \u2013 doceni\u0142 burmistrz Krystian Koszty\u0142a.<\/p>\n<p>Foto: Ula Noszczy\u0144ska<\/p>\n","protected":false},"excerpt":{"rendered":"<p>\u015acinawscy seniorzy to ludzie aktywni, ale przede wszystkim zdolni, tw\u00f3rczy i utalentowani. Fundacj\u0105 \u201ePrzysta\u0144\u201d zorganizowa\u0142a dla nich specjalne warsztaty artystyczne<\/p>\n","protected":false},"author":3,"featured_media":27794,"comment_status":"open","ping_status":"open","sticky":false,"template":"","format":"standard","meta":{"ngg_post_thumbnail":0},"categories":[12,3],"tags":[188],"_links":{"self":[{"href":"https:\/\/scinawa.pl\/index.php\/wp-json\/wp\/v2\/posts\/27793"}],"collection":[{"href":"https:\/\/scinawa.pl\/index.php\/wp-json\/wp\/v2\/posts"}],"about":[{"href":"https:\/\/scinawa.pl\/index.php\/wp-json\/wp\/v2\/types\/post"}],"author":[{"embeddable":true,"href":"https:\/\/scinawa.pl\/index.php\/wp-json\/wp\/v2\/users\/3"}],"replies":[{"embeddable":true,"href":"https:\/\/scinawa.pl\/index.php\/wp-json\/wp\/v2\/comments?post=27793"}],"version-history":[{"count":3,"href":"https:\/\/scinawa.pl\/index.php\/wp-json\/wp\/v2\/posts\/27793\/revisions"}],"predecessor-version":[{"id":27801,"href":"https:\/\/scinawa.pl\/index.php\/wp-json\/wp\/v2\/posts\/27793\/revisions\/27801"}],"wp:featuredmedia":[{"embeddable":true,"href":"https:\/\/scinawa.pl\/index.php\/wp-json\/wp\/v2\/media\/27794"}],"wp:attachment":[{"href":"https:\/\/scinawa.pl\/index.php\/wp-json\/wp\/v2\/media?parent=27793"}],"wp:term":[{"taxonomy":"category","embeddable":true,"href":"https:\/\/scinawa.pl\/index.php\/wp-json\/wp\/v2\/categories?post=27793"},{"taxonomy":"post_tag","embeddable":true,"href":"https:\/\/scinawa.pl\/index.php\/wp-json\/wp\/v2\/tags?post=27793"}],"curies":[{"name":"wp","href":"https:\/\/api.w.org\/{rel}","templated":true}]}}