{"id":27676,"date":"2022-10-05T10:40:16","date_gmt":"2022-10-05T08:40:16","guid":{"rendered":"http:\/\/nowa.scinawa.pl\/?p=27676"},"modified":"2022-10-05T12:09:52","modified_gmt":"2022-10-05T10:09:52","slug":"seniorzy-zainauguruja-kolejny-rok-akademicki","status":"publish","type":"post","link":"https:\/\/scinawa.pl\/index.php\/2022\/10\/05\/seniorzy-zainauguruja-kolejny-rok-akademicki\/","title":{"rendered":"Seniorzy zainauguruj\u0105 kolejny rok akademicki"},"content":{"rendered":"<p align=\"justify\"><strong>Wszystkich student\u00f3w i wolnych s\u0142uchaczy Uniwersytetu III Wieku w \u015acinawie, prowadzonego przez Collegium Witelona Uczelnia Pa\u0144stwowa, zapraszamy na uroczyste rozpocz\u0119cie roku akademickiego 2022\/2023. Pierwszy wyk\u0142ad odb\u0119dzie si\u0119 ju\u017c jutro (6 pa\u017adziernika), a inauguracja rozpocznie si\u0119 o godzinie 16:00 w sali widowiskowej Centrum Turystyki i Kultury w \u015acinawie. Przypominamy, ze dzi\u0119ki wsparciu \u015bcinawskiego samorz\u0105du udzia\u0142 w zaj\u0119ciach Uniwersytetu III Wieku jest bezp\u0142atny.<\/strong><\/p>\n<p align=\"justify\">Inauguracyjny wyk\u0142ad poprowadzi dr Gra\u017cyna Sondel \u2013 adiunkt Wydzia\u0142u Nauk o Zdrowiu i Kulturze Fizycznej Collegium Witelona Uczelnia Pa\u0144stwowa.<\/p>\n<p><a href=\"http:\/\/nowa.scinawa.pl\/wp-content\/uploads\/2022\/10\/310824711_5793549234009876_4785801437454329841_n.jpg\"><img decoding=\"async\" loading=\"lazy\" class=\"aligncenter size-full wp-image-27678\" src=\"http:\/\/nowa.scinawa.pl\/wp-content\/uploads\/2022\/10\/310824711_5793549234009876_4785801437454329841_n.jpg\" alt=\"\" width=\"1448\" height=\"2048\" srcset=\"https:\/\/scinawa.pl\/wp-content\/uploads\/2022\/10\/310824711_5793549234009876_4785801437454329841_n.jpg 1448w, https:\/\/scinawa.pl\/wp-content\/uploads\/2022\/10\/310824711_5793549234009876_4785801437454329841_n-212x300.jpg 212w, https:\/\/scinawa.pl\/wp-content\/uploads\/2022\/10\/310824711_5793549234009876_4785801437454329841_n-724x1024.jpg 724w, https:\/\/scinawa.pl\/wp-content\/uploads\/2022\/10\/310824711_5793549234009876_4785801437454329841_n-768x1086.jpg 768w, https:\/\/scinawa.pl\/wp-content\/uploads\/2022\/10\/310824711_5793549234009876_4785801437454329841_n-1086x1536.jpg 1086w, https:\/\/scinawa.pl\/wp-content\/uploads\/2022\/10\/310824711_5793549234009876_4785801437454329841_n-17x24.jpg 17w, https:\/\/scinawa.pl\/wp-content\/uploads\/2022\/10\/310824711_5793549234009876_4785801437454329841_n-25x36.jpg 25w, https:\/\/scinawa.pl\/wp-content\/uploads\/2022\/10\/310824711_5793549234009876_4785801437454329841_n-34x48.jpg 34w\" sizes=\"(max-width: 1448px) 100vw, 1448px\" \/><\/a><\/p>\n","protected":false},"excerpt":{"rendered":"<p>Wszystkich student\u00f3w i wolnych s\u0142uchaczy Uniwersytetu III Wieku w \u015acinawie, prowadzonego przez Collegium Witelona Uczelnia Pa\u0144stwowa, zapraszamy na uroczyste rozpocz\u0119cie<\/p>\n","protected":false},"author":3,"featured_media":27677,"comment_status":"open","ping_status":"open","sticky":false,"template":"","format":"standard","meta":{"ngg_post_thumbnail":0},"categories":[12,41],"tags":[],"_links":{"self":[{"href":"https:\/\/scinawa.pl\/index.php\/wp-json\/wp\/v2\/posts\/27676"}],"collection":[{"href":"https:\/\/scinawa.pl\/index.php\/wp-json\/wp\/v2\/posts"}],"about":[{"href":"https:\/\/scinawa.pl\/index.php\/wp-json\/wp\/v2\/types\/post"}],"author":[{"embeddable":true,"href":"https:\/\/scinawa.pl\/index.php\/wp-json\/wp\/v2\/users\/3"}],"replies":[{"embeddable":true,"href":"https:\/\/scinawa.pl\/index.php\/wp-json\/wp\/v2\/comments?post=27676"}],"version-history":[{"count":4,"href":"https:\/\/scinawa.pl\/index.php\/wp-json\/wp\/v2\/posts\/27676\/revisions"}],"predecessor-version":[{"id":27682,"href":"https:\/\/scinawa.pl\/index.php\/wp-json\/wp\/v2\/posts\/27676\/revisions\/27682"}],"wp:featuredmedia":[{"embeddable":true,"href":"https:\/\/scinawa.pl\/index.php\/wp-json\/wp\/v2\/media\/27677"}],"wp:attachment":[{"href":"https:\/\/scinawa.pl\/index.php\/wp-json\/wp\/v2\/media?parent=27676"}],"wp:term":[{"taxonomy":"category","embeddable":true,"href":"https:\/\/scinawa.pl\/index.php\/wp-json\/wp\/v2\/categories?post=27676"},{"taxonomy":"post_tag","embeddable":true,"href":"https:\/\/scinawa.pl\/index.php\/wp-json\/wp\/v2\/tags?post=27676"}],"curies":[{"name":"wp","href":"https:\/\/api.w.org\/{rel}","templated":true}]}}