{"id":27668,"date":"2022-10-04T10:00:07","date_gmt":"2022-10-04T08:00:07","guid":{"rendered":"http:\/\/nowa.scinawa.pl\/?p=27668"},"modified":"2022-10-04T12:02:00","modified_gmt":"2022-10-04T10:02:00","slug":"niebawem-wyplaty-dodatku-weglowego","status":"publish","type":"post","link":"https:\/\/scinawa.pl\/index.php\/2022\/10\/04\/niebawem-wyplaty-dodatku-weglowego\/","title":{"rendered":"Niebawem wyp\u0142aty dodatku w\u0119glowego"},"content":{"rendered":"<p align=\"justify\"><strong>Przypominamy, \u017ce znowelizowane we wrze\u015bniu br. przepisy o dodatku w\u0119glowym wyd\u0142u\u017cy\u0142y termin wyp\u0142aty \u015bwiadczenia do 60 dni od daty z\u0142o\u017cenia wniosku. Obecnie, zgodnie z rz\u0105dowymi rozporz\u0105dzeniami, upowa\u017cniony przez burmistrza \u015acinawy organ tj. Miejsko-Gminny O\u015brodek Pomocy Spo\u0142ecznej, w porozumieniu z Urz\u0119dem Miasta i Gminy \u015acinawa, weryfikuje z\u0142o\u017cone przez mieszka\u0144c\u00f3w wnioski o dodatek w\u0119glowy i dodatek do ogrzewania.<\/strong><\/p>\n<p align=\"justify\">Ustawa z dnia 15 wrze\u015bnia 2022 r. o szczeg\u00f3lnych rozwi\u0105zaniach w zakresie niekt\u00f3rych \u017ar\u00f3de\u0142 ciep\u0142a w zwi\u0105zku z sytuacj\u0105 na rynku paliw (t.j. Dz.U. z 2022r. poz.1967), wprowadzi\u0142a m.in.: jednorazowe dodatki dla ogrzewaj\u0105cych swoje domy paliwem innym ni\u017c w\u0119giel, jednocze\u015bnie ustawodawca zaleci\u0142 sprawdzanie stanu faktycznego deklarowanych przez mieszka\u0144c\u00f3w informacji (opr\u00f3cz tych z obowi\u0105zkowych deklaracji \u017ar\u00f3de\u0142 ciep\u0142a, kt\u00f3re nale\u017ca\u0142o z\u0142o\u017cy\u0107 do 30 czerwca br.) kolejne, np. zgodno\u015b\u0107 z wcze\u015bniej z\u0142o\u017con\u0105 deklaracj\u0105 \u015bmieciow\u0105, dodatkiem os\u0142onowym, dodatkiem mieszkaniowym, wnioskiem o \u015bwiadczenia rodzinne, \u015bwiadczenia wychowawcze 500 plus czy dane z rejestru PESEL i w innych dost\u0119pnych \u017ar\u00f3d\u0142ach.<\/p>\n<p align=\"justify\">Realizowane nowe zadania oraz niesp\u00f3jno\u015bci w sk\u0142adanych deklaracjach, wzgl\u0119dem wcze\u015bniej przekazywanych danych, wyd\u0142u\u017caj\u0105 czas weryfikacji wniosk\u00f3w, jednak pracownicy \u015bcinawskiego MGOPS-u i magistratu dok\u0142adaj\u0105 wszelkich stara\u0144, by \u015brodki jak najszybciej trafi\u0142y do uprawnionych beneficjent\u00f3w.<\/p>\n","protected":false},"excerpt":{"rendered":"<p>Przypominamy, \u017ce znowelizowane we wrze\u015bniu br. przepisy o dodatku w\u0119glowym wyd\u0142u\u017cy\u0142y termin wyp\u0142aty \u015bwiadczenia do 60 dni od daty z\u0142o\u017cenia<\/p>\n","protected":false},"author":3,"featured_media":27219,"comment_status":"open","ping_status":"open","sticky":false,"template":"","format":"standard","meta":{"ngg_post_thumbnail":0},"categories":[12,3],"tags":[1646,257],"_links":{"self":[{"href":"https:\/\/scinawa.pl\/index.php\/wp-json\/wp\/v2\/posts\/27668"}],"collection":[{"href":"https:\/\/scinawa.pl\/index.php\/wp-json\/wp\/v2\/posts"}],"about":[{"href":"https:\/\/scinawa.pl\/index.php\/wp-json\/wp\/v2\/types\/post"}],"author":[{"embeddable":true,"href":"https:\/\/scinawa.pl\/index.php\/wp-json\/wp\/v2\/users\/3"}],"replies":[{"embeddable":true,"href":"https:\/\/scinawa.pl\/index.php\/wp-json\/wp\/v2\/comments?post=27668"}],"version-history":[{"count":5,"href":"https:\/\/scinawa.pl\/index.php\/wp-json\/wp\/v2\/posts\/27668\/revisions"}],"predecessor-version":[{"id":27673,"href":"https:\/\/scinawa.pl\/index.php\/wp-json\/wp\/v2\/posts\/27668\/revisions\/27673"}],"wp:featuredmedia":[{"embeddable":true,"href":"https:\/\/scinawa.pl\/index.php\/wp-json\/wp\/v2\/media\/27219"}],"wp:attachment":[{"href":"https:\/\/scinawa.pl\/index.php\/wp-json\/wp\/v2\/media?parent=27668"}],"wp:term":[{"taxonomy":"category","embeddable":true,"href":"https:\/\/scinawa.pl\/index.php\/wp-json\/wp\/v2\/categories?post=27668"},{"taxonomy":"post_tag","embeddable":true,"href":"https:\/\/scinawa.pl\/index.php\/wp-json\/wp\/v2\/tags?post=27668"}],"curies":[{"name":"wp","href":"https:\/\/api.w.org\/{rel}","templated":true}]}}