{"id":27489,"date":"2022-09-02T16:00:38","date_gmt":"2022-09-02T14:00:38","guid":{"rendered":"http:\/\/nowa.scinawa.pl\/?p=27489"},"modified":"2022-09-02T14:24:52","modified_gmt":"2022-09-02T12:24:52","slug":"scinawa-na-podium-w-rankingu-wspolnoty","status":"publish","type":"post","link":"https:\/\/scinawa.pl\/index.php\/2022\/09\/02\/scinawa-na-podium-w-rankingu-wspolnoty\/","title":{"rendered":"\u015acinawa na podium w rankingu WSP\u00d3LNOTY!"},"content":{"rendered":"<p align=\"justify\"><strong>\u015acinawa znalaz\u0142a si\u0119 w pierwszej tr\u00f3jce tegorocznego rankingu przygotowanego przez czasopismo \u201eWsp\u00f3lnota\u201d, bior\u0105cego pod uwag\u0119 wielko\u015b\u0107 i udzia\u0142 w bud\u017cecie wydatk\u00f3w inwestycyjnych poszczeg\u00f3lnych samorz\u0105d\u00f3w w Polsce. Ponadto nasza gmina uplasowa\u0142a si\u0119 w pierwszej pi\u0105tce zestawienia uwzgledniaj\u0105cego wykorzystanie \u015brodk\u00f3w pochodz\u0105cych z Unii Europejskiej. Wr\u0119czenie wyr\u00f3\u017cnie\u0144 zaplanowano podczas Gali Inwestor\u00f3w Samorz\u0105dowych \u201eWsp\u00f3lnota\u201d przy okazji jubileuszowej XX edycji Samorz\u0105dowego Forum Kapita\u0142u i Finans\u00f3w, kt\u00f3re odb\u0119dzie si\u0119 12-13 pa\u017adziernika w Katowicach \u2013 w\u00f3wczas poznamy dok\u0142adne wyniki rankingu. \u015acinaw\u0119 podczas uroczysto\u015bci reprezentowa\u0142 b\u0119dzie burmistrz Krystian Koszty\u0142a.<\/strong><\/p>\n<p align=\"justify\">\n<p align=\"justify\"><a href=\"http:\/\/nowa.scinawa.pl\/wp-content\/uploads\/2022\/09\/Wspolnota_page-0001.jpg\"><img decoding=\"async\" loading=\"lazy\" class=\"aligncenter size-full wp-image-27490\" src=\"http:\/\/nowa.scinawa.pl\/wp-content\/uploads\/2022\/09\/Wspolnota_page-0001.jpg\" alt=\"\" width=\"1241\" height=\"1755\" srcset=\"https:\/\/scinawa.pl\/wp-content\/uploads\/2022\/09\/Wspolnota_page-0001.jpg 1241w, https:\/\/scinawa.pl\/wp-content\/uploads\/2022\/09\/Wspolnota_page-0001-212x300.jpg 212w, https:\/\/scinawa.pl\/wp-content\/uploads\/2022\/09\/Wspolnota_page-0001-724x1024.jpg 724w, https:\/\/scinawa.pl\/wp-content\/uploads\/2022\/09\/Wspolnota_page-0001-768x1086.jpg 768w, https:\/\/scinawa.pl\/wp-content\/uploads\/2022\/09\/Wspolnota_page-0001-1086x1536.jpg 1086w, https:\/\/scinawa.pl\/wp-content\/uploads\/2022\/09\/Wspolnota_page-0001-17x24.jpg 17w, https:\/\/scinawa.pl\/wp-content\/uploads\/2022\/09\/Wspolnota_page-0001-25x36.jpg 25w, https:\/\/scinawa.pl\/wp-content\/uploads\/2022\/09\/Wspolnota_page-0001-34x48.jpg 34w\" sizes=\"(max-width: 1241px) 100vw, 1241px\" \/><\/a><\/p>\n<p align=\"justify\">Wcze\u015bniej, w roku 2020, organizatorzy plebiscytu \u201eWsp\u00f3lnoty\u201d, sklasyfikowali \u015acinaw\u0119 na 27. pozycji w kategorii \u201einne miasta\u201d za inwestycje w latach 2017-2019.<br \/>\nTo nie jedyne wyr\u00f3\u017cnienie dla \u015acinawy w ostatnim czasie, przypominamy, \u017ce z inicjatywy Fundacji Instytut Studi\u00f3w Wschodnich, przygotowywany zosta\u0142 r\u00f3wnie\u017c Ranking Finansowy Samorz\u0105du Terytorialnego w Polsce \u2013 dokument na\u015bwietlaj\u0105cy kondycj\u0119 finansow\u0105 polskich samorz\u0105d\u00f3w, przygotowany przez niezale\u017cnych ekspert\u00f3w z Uniwersytetu Ekonomicznego we Wroc\u0142awiu za rok 2021, w kt\u00f3rym nasz samorz\u0105d w skali kraju zaj\u0105\u0142 bardzo wysokie 4. miejsce! Wyniki tego rankingu zostan\u0105 szczeg\u00f3\u0142owo om\u00f3wione podczas XXXI Forum Ekonomicznego w Karpaczu, kt\u00f3re odb\u0119dzie si\u0119 ju\u017c w przysz\u0142ym tygodniu. Wi\u0119cej o przedmiotowym wyr\u00f3\u017cnieniu pisali\u015bmy w artykule \u201e<a href=\"http:\/\/nowa.scinawa.pl\/index.php\/2022\/06\/29\/4-miejsce-wsrod-najbardziej-gospodarnych-gmin-w-polsce\/\">4. miejsce w\u015br\u00f3d najbardziej gospodarnych gmin w Polsce!<\/a>\u201d.<\/p>\n<p>&nbsp;<\/p>\n","protected":false},"excerpt":{"rendered":"<p>\u015acinawa znalaz\u0142a si\u0119 w pierwszej tr\u00f3jce tegorocznego rankingu przygotowanego przez czasopismo \u201eWsp\u00f3lnota\u201d, bior\u0105cego pod uwag\u0119 wielko\u015b\u0107 i udzia\u0142 w bud\u017cecie<\/p>\n","protected":false},"author":3,"featured_media":27491,"comment_status":"open","ping_status":"open","sticky":false,"template":"","format":"standard","meta":{"ngg_post_thumbnail":0},"categories":[12,3],"tags":[],"_links":{"self":[{"href":"https:\/\/scinawa.pl\/index.php\/wp-json\/wp\/v2\/posts\/27489"}],"collection":[{"href":"https:\/\/scinawa.pl\/index.php\/wp-json\/wp\/v2\/posts"}],"about":[{"href":"https:\/\/scinawa.pl\/index.php\/wp-json\/wp\/v2\/types\/post"}],"author":[{"embeddable":true,"href":"https:\/\/scinawa.pl\/index.php\/wp-json\/wp\/v2\/users\/3"}],"replies":[{"embeddable":true,"href":"https:\/\/scinawa.pl\/index.php\/wp-json\/wp\/v2\/comments?post=27489"}],"version-history":[{"count":1,"href":"https:\/\/scinawa.pl\/index.php\/wp-json\/wp\/v2\/posts\/27489\/revisions"}],"predecessor-version":[{"id":27492,"href":"https:\/\/scinawa.pl\/index.php\/wp-json\/wp\/v2\/posts\/27489\/revisions\/27492"}],"wp:featuredmedia":[{"embeddable":true,"href":"https:\/\/scinawa.pl\/index.php\/wp-json\/wp\/v2\/media\/27491"}],"wp:attachment":[{"href":"https:\/\/scinawa.pl\/index.php\/wp-json\/wp\/v2\/media?parent=27489"}],"wp:term":[{"taxonomy":"category","embeddable":true,"href":"https:\/\/scinawa.pl\/index.php\/wp-json\/wp\/v2\/categories?post=27489"},{"taxonomy":"post_tag","embeddable":true,"href":"https:\/\/scinawa.pl\/index.php\/wp-json\/wp\/v2\/tags?post=27489"}],"curies":[{"name":"wp","href":"https:\/\/api.w.org\/{rel}","templated":true}]}}