{"id":27347,"date":"2022-08-17T11:15:20","date_gmt":"2022-08-17T09:15:20","guid":{"rendered":"http:\/\/nowa.scinawa.pl\/?p=27347"},"modified":"2022-08-17T12:45:38","modified_gmt":"2022-08-17T10:45:38","slug":"gminne-dozynki-uroczyste-otwarcie-scinawskiego-rynku","status":"publish","type":"post","link":"https:\/\/scinawa.pl\/index.php\/2022\/08\/17\/gminne-dozynki-uroczyste-otwarcie-scinawskiego-rynku\/","title":{"rendered":"Gminne do\u017cynki i uroczyste otwarcie zrewitalizowanego rynku!"},"content":{"rendered":"<p align=\"justify\"><strong>Przed nami kolejne \u015bwi\u0119to plon\u00f3w, wi\u0119c jak nakazuje tradycja, w sobot\u0119 20 sierpnia wsp\u00f3lnie podzi\u0119kujemy za zbiory i zako\u0144czenie \u017cniw w zdrowiu. Przy dobrej muzyce, w mi\u0142ej atmosferze i w pi\u0119knym otoczeniu zrewitalizowanego rynku rolnicy, a tak\u017ce ca\u0142a lokalna spo\u0142eczno\u015b\u0107, odnajd\u0105 chwil\u0119 wytchnienia oraz odpoczynku po miesi\u0105cach dogl\u0105dania upraw i dbaniu, by zasiew obrodzi\u0142. \u015acinawa jest gmin\u0105 miejsko-wiejsk\u0105, a rynek to wa\u017cne miejsce dla wszystkich mieszka\u0144c\u00f3w, za\u015b do\u017cynki to idealny moment, by wsp\u00f3lnie z w\u0142odarzami i zaproszonymi go\u015b\u0107mi, otworzy\u0107 zmodernizowane centrum miasta. Zapraszamy na do\u017cynki, kt\u00f3re organizuje Centrum Turystyki i Kultury w \u015acinawie!<\/strong><\/p>\n<p>&nbsp;<\/p>\n<p align=\"justify\">\u015acinawskie \u015bwi\u0119to plon\u00f3w rozpocznie msza \u015bwi\u0119ta w intencji wszystkich rolnik\u00f3w i dzia\u0142kowc\u00f3w, po eucharystii tradycyjny korow\u00f3d przejdzie do rynku, po symbolicznym otwarciu zrewitalizowanego centrum miasta kontynuowany b\u0119dzie obrz\u0105dek do\u017cynkowy, a p\u00f3\u017aniej zabawa. Na scenie zamelduj\u0105 si\u0119 zespo\u0142y folklorystyczne i lokalni arty\u015bci. Kapitu\u0142a rozstrzygnie do\u017cynkowe konkursy, a nast\u0119pnie zaprezentuj\u0105 si\u0119 grupy muzyczne takie jak: Skaner, Ellixir i Bazyleek.<\/p>\n<p align=\"justify\">Gwiazd\u0105 wieczoru b\u0119dzie Anastazja Maci\u0105g \u2013 polska piosenkarka, autorka tekst\u00f3w, influencerka i tiktokerka, kt\u00f3ra w 2020 roku wzi\u0119\u0142a udzia\u0142 w przes\u0142uchaniach w ciemno do 3. edycji The Voice Kids. Dosta\u0142a si\u0119 o ekipy Dawida Kwiatkowskiego i wyst\u0105pi\u0142a w odcinkach na \u017cywo. We wrze\u015bniu ubieg\u0142ego roku pokona\u0142a pi\u0119\u0107 tysi\u0119cy rywali i zwyci\u0119\u017cy\u0142a w organizowanym przez TikToka i Universal Music Polska, przy wsparciu ESKI, konkursie dla m\u0142odych talent\u00f3w pt. \u201eRising Star Polska\u201d, dzi\u0119ki czemu zdoby\u0142a kontrakt nagraniowy z UMG i w pa\u017adzierniku 2021 wyda\u0142a sw\u00f3j pierwszy singiel pt. \u201eTemat o Tobie\u201d.<\/p>\n<p>Imprez\u0119 zako\u0144czy zabawa taneczna.<\/p>\n<p>&nbsp;<\/p>\n<p align=\"justify\"><a href=\"http:\/\/nowa.scinawa.pl\/wp-content\/uploads\/2022\/08\/298269789_5631215800243221_4329325369967368977_n.jpg\"><img decoding=\"async\" loading=\"lazy\" class=\"aligncenter size-full wp-image-27348\" src=\"http:\/\/nowa.scinawa.pl\/wp-content\/uploads\/2022\/08\/298269789_5631215800243221_4329325369967368977_n.jpg\" alt=\"\" width=\"1448\" height=\"2048\" srcset=\"https:\/\/scinawa.pl\/wp-content\/uploads\/2022\/08\/298269789_5631215800243221_4329325369967368977_n.jpg 1448w, https:\/\/scinawa.pl\/wp-content\/uploads\/2022\/08\/298269789_5631215800243221_4329325369967368977_n-212x300.jpg 212w, https:\/\/scinawa.pl\/wp-content\/uploads\/2022\/08\/298269789_5631215800243221_4329325369967368977_n-724x1024.jpg 724w, https:\/\/scinawa.pl\/wp-content\/uploads\/2022\/08\/298269789_5631215800243221_4329325369967368977_n-768x1086.jpg 768w, https:\/\/scinawa.pl\/wp-content\/uploads\/2022\/08\/298269789_5631215800243221_4329325369967368977_n-1086x1536.jpg 1086w, https:\/\/scinawa.pl\/wp-content\/uploads\/2022\/08\/298269789_5631215800243221_4329325369967368977_n-17x24.jpg 17w, https:\/\/scinawa.pl\/wp-content\/uploads\/2022\/08\/298269789_5631215800243221_4329325369967368977_n-25x36.jpg 25w, https:\/\/scinawa.pl\/wp-content\/uploads\/2022\/08\/298269789_5631215800243221_4329325369967368977_n-34x48.jpg 34w\" sizes=\"(max-width: 1448px) 100vw, 1448px\" \/><\/a><\/p>\n<p align=\"justify\">Uwaga: w czasie trwania imprezy zostanie zamkni\u0119ty ruch samochodowy w \u015bcis\u0142ym centrum miasta, co wskazuje za\u0142\u0105czona mapka.<\/p>\n<p align=\"justify\"><a href=\"http:\/\/nowa.scinawa.pl\/wp-content\/uploads\/2022\/08\/rynek.jpg\"><img decoding=\"async\" loading=\"lazy\" class=\"aligncenter size-full wp-image-27354\" src=\"http:\/\/nowa.scinawa.pl\/wp-content\/uploads\/2022\/08\/rynek.jpg\" alt=\"\" width=\"1147\" height=\"808\" srcset=\"https:\/\/scinawa.pl\/wp-content\/uploads\/2022\/08\/rynek.jpg 1147w, https:\/\/scinawa.pl\/wp-content\/uploads\/2022\/08\/rynek-300x211.jpg 300w, https:\/\/scinawa.pl\/wp-content\/uploads\/2022\/08\/rynek-1024x721.jpg 1024w, https:\/\/scinawa.pl\/wp-content\/uploads\/2022\/08\/rynek-768x541.jpg 768w, https:\/\/scinawa.pl\/wp-content\/uploads\/2022\/08\/rynek-24x17.jpg 24w, https:\/\/scinawa.pl\/wp-content\/uploads\/2022\/08\/rynek-36x25.jpg 36w, https:\/\/scinawa.pl\/wp-content\/uploads\/2022\/08\/rynek-48x34.jpg 48w\" sizes=\"(max-width: 1147px) 100vw, 1147px\" \/><\/a>(czerwonymi strza\u0142kami zaznaczony mo\u017cliwy ruch w s\u0105siedztwie rynku)<\/p>\n","protected":false},"excerpt":{"rendered":"<p>Przed nami kolejne \u015bwi\u0119to plon\u00f3w, wi\u0119c jak nakazuje tradycja, w sobot\u0119 20 sierpnia wsp\u00f3lnie podzi\u0119kujemy za zbiory i zako\u0144czenie \u017cniw<\/p>\n","protected":false},"author":3,"featured_media":27350,"comment_status":"open","ping_status":"open","sticky":false,"template":"","format":"standard","meta":{"ngg_post_thumbnail":0},"categories":[12,41],"tags":[68],"_links":{"self":[{"href":"https:\/\/scinawa.pl\/index.php\/wp-json\/wp\/v2\/posts\/27347"}],"collection":[{"href":"https:\/\/scinawa.pl\/index.php\/wp-json\/wp\/v2\/posts"}],"about":[{"href":"https:\/\/scinawa.pl\/index.php\/wp-json\/wp\/v2\/types\/post"}],"author":[{"embeddable":true,"href":"https:\/\/scinawa.pl\/index.php\/wp-json\/wp\/v2\/users\/3"}],"replies":[{"embeddable":true,"href":"https:\/\/scinawa.pl\/index.php\/wp-json\/wp\/v2\/comments?post=27347"}],"version-history":[{"count":9,"href":"https:\/\/scinawa.pl\/index.php\/wp-json\/wp\/v2\/posts\/27347\/revisions"}],"predecessor-version":[{"id":27361,"href":"https:\/\/scinawa.pl\/index.php\/wp-json\/wp\/v2\/posts\/27347\/revisions\/27361"}],"wp:featuredmedia":[{"embeddable":true,"href":"https:\/\/scinawa.pl\/index.php\/wp-json\/wp\/v2\/media\/27350"}],"wp:attachment":[{"href":"https:\/\/scinawa.pl\/index.php\/wp-json\/wp\/v2\/media?parent=27347"}],"wp:term":[{"taxonomy":"category","embeddable":true,"href":"https:\/\/scinawa.pl\/index.php\/wp-json\/wp\/v2\/categories?post=27347"},{"taxonomy":"post_tag","embeddable":true,"href":"https:\/\/scinawa.pl\/index.php\/wp-json\/wp\/v2\/tags?post=27347"}],"curies":[{"name":"wp","href":"https:\/\/api.w.org\/{rel}","templated":true}]}}