{"id":27210,"date":"2022-07-20T11:27:33","date_gmt":"2022-07-20T09:27:33","guid":{"rendered":"http:\/\/nowa.scinawa.pl\/?p=27210"},"modified":"2022-07-20T11:27:33","modified_gmt":"2022-07-20T09:27:33","slug":"bezplatne-ubezpieczenie-pzu-ochrony-prawnej-dla-dolnoslaskich-seniorow","status":"publish","type":"post","link":"https:\/\/scinawa.pl\/index.php\/2022\/07\/20\/bezplatne-ubezpieczenie-pzu-ochrony-prawnej-dla-dolnoslaskich-seniorow\/","title":{"rendered":"Bezp\u0142atne ubezpieczenie PZU Ochrony Prawnej dla dolno\u015bl\u0105skich Senior\u00f3w"},"content":{"rendered":"<p align=\"justify\"><strong>Fundacja Popieram Dolny \u015al\u0105sk wsp\u00f3lnie z Marcinem Krzy\u017canowskim Wicemarsza\u0142kiem Wojew\u00f3dztwa Dolno\u015bl\u0105skiego podj\u0119\u0142a inicjatyw\u0119 polegaj\u0105c\u0105 na uruchomieniu specjalnego programu skierowanego do dolno\u015bl\u0105skich Senior\u00f3w pn. \u201eBezp\u0142atne ubezpieczenie PZU Ochrony Prawnej Senior\u00f3w z terenu Wojew\u00f3dztwa Dolno\u015bl\u0105skiego\u201d. Program powsta\u0142 we wsp\u00f3\u0142pracy z PZU S.A. oraz przy wsparciu Fundacji Polskiego Funduszu Rozwoju.<\/strong><\/p>\n<p align=\"justify\">Dolny \u015al\u0105sk jest pierwszym regionem w naszym kraju, w kt\u00f3rym taki program jest realizowany. Nasza inicjatywa ma na celu przede wszystkim zapewnienie wsparcia prawnego osobom starszym, kt\u00f3re cz\u0119sto potrzebuj\u0105 porady przy rozwi\u0105zywaniu problem\u00f3w \u017cycia codziennego. Coraz cz\u0119\u015bciej Seniorzy padaj\u0105 ofiarami oszust\u00f3w i wy\u0142udzaczy, dlatego potrzebne jest wprowadzenie rozwi\u0105za\u0144, kt\u00f3re zwi\u0119ksz\u0105 ich poczucie bezpiecze\u0144stwa. Do wsp\u00f3\u0142pracy zaprosili\u015bmy r\u00f3wnie\u017c Uniwersytety Trzeciego Wieku \u2013 m\u00f3wi Marcin Krzy\u017canowski Wicemarsza\u0142ek Wojew\u00f3dztwa Dolno\u015bl\u0105skiego.<\/p>\n<p align=\"justify\">Program zosta\u0142 przygotowany dla senior\u00f3w po 60 roku \u017cycia. Jego g\u0142\u00f3wnym za\u0142o\u017ceniem jest m.in. ochrona przed dzia\u0142aniem &#8222;metody na wnuczka&#8221; i innymi tego typu oszustwami oraz pomoc prawna w sprawach \u017cycia codziennego. Ubezpieczenie ochrony prawnej daje mo\u017cliwo\u015b\u0107 skorzystania z pomocy prawnej profesjonalnych pe\u0142nomocnik\u00f3w (m.in. adwokat\u00f3w), kt\u00f3rej to koszty zostan\u0105 w ca\u0142o\u015bci pokryte przez zak\u0142ad ubezpiecze\u0144.<br \/>\n&#8211; Zapraszamy Senior\u00f3w do przyst\u0105pienia do naszego bezp\u0142atnego programu. Gwarantujemy obj\u0119cie grupowym ubezpieczeniem ochrony prawnej, kt\u00f3re stanowi realn\u0105 pomoc i zapewnia osobom starszym bezpiecze\u0144stwo prawne \u2013 zach\u0119ca Grzegorz Prigan Prezes Fundacji Popieram Dolny \u015al\u0105sk.<br \/>\nSk\u0142adk\u0119 ubezpieczenia pokryje fundacja Popieram Dolny \u015al\u0105sk ze \u015brodk\u00f3w Fundacji Polskiego Funduszu Rozwoju.<\/p>\n<p align=\"justify\"><strong>Z ubezpieczenia ochrony prawnej mo\u017cna skorzysta\u0107 na przyk\u0142ad w sprawie:<\/strong><br \/>\n\u2022 odszkodowania z tytu\u0142u czyn\u00f3w niedozwolonych, np. przechodzie\u0144 str\u0105ci\u0142 doniczk\u0119 na \u015bwie\u017co wyremontowany taras lub s\u0105siad zala\u0142 mieszkanie,<br \/>\n\u2022 pr\u00f3by kradzie\u017cy lub oszustwa,<br \/>\n\u2022 odszkodowania z tytu\u0142u wypadku komunikacyjnego,<br \/>\n\u2022 roszcze\u0144 w zwi\u0105zku z zakupami przez Internet, np. sprzedawca zwleka z wysy\u0142k\u0105 towaru,<br \/>\n\u2022 ochrony w zakresie um\u00f3w, np. firma remontowa nie dotrzymuje termin\u00f3w wskazanych w umowie,<br \/>\n\u2022 pomocy w zakresie ochrony danych osobowych otrzymania pozwu o zap\u0142at\u0119, nakazu zap\u0142aty lub innego pisma z S\u0105du.<\/p>\n<p align=\"justify\">Zg\u0142oszenia do programu<br \/>\nUbezpieczeniem zostanie obj\u0119tych 1000 Senior\u00f3w z ca\u0142ego wojew\u00f3dztwa dolno\u015bl\u0105skiego. Z uwagi na ograniczon\u0105 liczb\u0119 miejsc o udziale w programie decyduje kolejno\u015b\u0107 zg\u0142osze\u0144. Przyst\u0105pienie do ubezpieczenia nie skutkuje \u017cadnymi op\u0142atami po stronie seniora. Ubezpieczenie b\u0119dzie obowi\u0105zywa\u0107 przez rok od momentu ubezpieczenia. Po tym okresie ubezpieczenie wygasa.<br \/>\nOsoby zainteresowane programem prosimy o kontakt pod adresem email: amelia.dymarek@umwd.pl. Zapraszamy do udzia\u0142u!<\/p>\n<p><a href=\"http:\/\/nowa.scinawa.pl\/wp-content\/uploads\/2022\/07\/Broszura-Ochrona-Prawna.pdf\">Broszura Ochrona Prawna<\/a><br \/>\n<a href=\"http:\/\/nowa.scinawa.pl\/wp-content\/uploads\/2022\/07\/Ogolne_warunki_ubezpieczenia_PZU_Dom_obowiazujace_od_13.10.2021r..pdf\">Og\u00f3lne warunki ubezpieczenia PZU Dom obowi\u0105zuj\u0105ce od 13.10.2021 r.<\/a><br \/>\n<a href=\"http:\/\/nowa.scinawa.pl\/wp-content\/uploads\/2022\/07\/Postanowienia-odmienne.pdf\">Postanowienia odmienne<\/a><\/p>\n<p>\u0179r\u00f3d\u0142o: Urz\u0105d Marsza\u0142kowski Wojew\u00f3dztwa Dolno\u015bl\u0105skiego<\/p>\n","protected":false},"excerpt":{"rendered":"<p>Fundacja Popieram Dolny \u015al\u0105sk wsp\u00f3lnie z Marcinem Krzy\u017canowskim Wicemarsza\u0142kiem Wojew\u00f3dztwa Dolno\u015bl\u0105skiego podj\u0119\u0142a inicjatyw\u0119 polegaj\u0105c\u0105 na uruchomieniu specjalnego programu skierowanego do<\/p>\n","protected":false},"author":3,"featured_media":27214,"comment_status":"open","ping_status":"open","sticky":false,"template":"","format":"standard","meta":{"ngg_post_thumbnail":0},"categories":[12,3],"tags":[1568,537],"_links":{"self":[{"href":"https:\/\/scinawa.pl\/index.php\/wp-json\/wp\/v2\/posts\/27210"}],"collection":[{"href":"https:\/\/scinawa.pl\/index.php\/wp-json\/wp\/v2\/posts"}],"about":[{"href":"https:\/\/scinawa.pl\/index.php\/wp-json\/wp\/v2\/types\/post"}],"author":[{"embeddable":true,"href":"https:\/\/scinawa.pl\/index.php\/wp-json\/wp\/v2\/users\/3"}],"replies":[{"embeddable":true,"href":"https:\/\/scinawa.pl\/index.php\/wp-json\/wp\/v2\/comments?post=27210"}],"version-history":[{"count":1,"href":"https:\/\/scinawa.pl\/index.php\/wp-json\/wp\/v2\/posts\/27210\/revisions"}],"predecessor-version":[{"id":27215,"href":"https:\/\/scinawa.pl\/index.php\/wp-json\/wp\/v2\/posts\/27210\/revisions\/27215"}],"wp:featuredmedia":[{"embeddable":true,"href":"https:\/\/scinawa.pl\/index.php\/wp-json\/wp\/v2\/media\/27214"}],"wp:attachment":[{"href":"https:\/\/scinawa.pl\/index.php\/wp-json\/wp\/v2\/media?parent=27210"}],"wp:term":[{"taxonomy":"category","embeddable":true,"href":"https:\/\/scinawa.pl\/index.php\/wp-json\/wp\/v2\/categories?post=27210"},{"taxonomy":"post_tag","embeddable":true,"href":"https:\/\/scinawa.pl\/index.php\/wp-json\/wp\/v2\/tags?post=27210"}],"curies":[{"name":"wp","href":"https:\/\/api.w.org\/{rel}","templated":true}]}}