{"id":27190,"date":"2022-07-15T12:14:58","date_gmt":"2022-07-15T10:14:58","guid":{"rendered":"http:\/\/nowa.scinawa.pl\/?p=27190"},"modified":"2022-07-15T12:16:04","modified_gmt":"2022-07-15T10:16:04","slug":"jest-rzadowe-wsparcie-na-modernizacje-scinawskiej-remizy","status":"publish","type":"post","link":"https:\/\/scinawa.pl\/index.php\/2022\/07\/15\/jest-rzadowe-wsparcie-na-modernizacje-scinawskiej-remizy\/","title":{"rendered":"Jest rz\u0105dowe wsparcie na modernizacj\u0119 \u015bcinawskiej remizy!"},"content":{"rendered":"<p align=\"justify\"><strong>Gmina \u015acinawa otrzyma kolejne wsparcie w ramach Rz\u0105dowego Funduszu Polski \u0141ad: Program Inwestycji Strategicznych, \u015brodki w wysoko\u015bci 2 mln z\u0142 zostan\u0105 przeznaczone na modernizacj\u0119 remizy Ochotniczej Stra\u017cy Po\u017carnej w \u015acinawie. T\u0119 wa\u017cn\u0105 i pozytywn\u0105 dla naszej lokalnej wsp\u00f3lnoty informacj\u0119 przekaza\u0142 burmistrzowi Krystianowi Kosztyle Sekretarz Stanu w Kancelarii Prezesa Rady Ministr\u00f3w Krzysztof Kub\u00f3w. Pose\u0142 spotka\u0142 si\u0119 r\u00f3wnie\u017c ze stra\u017cakami, zadeklarowa\u0142 dalsz\u0105 pomoc gminnym jednostkom OSP, poprzez doposa\u017canie w potrzebny sprz\u0119t.<\/strong><\/p>\n<p align=\"justify\">\u2013 Kolejny raz go\u015bcili\u015bmy pana ministra, sekretarz stanu w kancelarii premiera potwierdzi\u0142 wyczekiwan\u0105 przez wszystkich informacj\u0119, rz\u0105d przyzna\u0142 naszej gminie \u015brodki na gruntown\u0105 modernizacj\u0119 remizy Ochotniczej Stra\u017cy Po\u017carnej w \u015acinawie. Krzysztof Kub\u00f3w spotka\u0142 si\u0119 przy okazji ze stra\u017cakami, z wiceprezesem miejscowej OSP Stanis\u0142awem \u015awier\u017cewskim rozmawia\u0142 o najpilniejszych potrzebach naszych druh\u00f3w \u2013 relacjonuje bior\u0105cy udzia\u0142 w spotkaniu przewodnicz\u0105cy \u015bcinawskiej rady miejskiej Marek Szopa.<\/p>\n<p align=\"justify\">Modernizacja \u015bcinawskiej remizy ma obj\u0105\u0107 miedzy innymi:<br \/>\n&#8211; og\u00f3lny remont pomieszcze\u0144;<br \/>\n&#8211; odnowienie elewacji;<br \/>\n&#8211; remont dachu;<br \/>\n&#8211; przebudow\u0119 klatki schodowej;<br \/>\n&#8211; wymian\u0119 instalacji;<br \/>\n&#8211; wymian\u0119 stolarki okiennej i drzwiowej;<br \/>\n&#8211; modernizacj\u0119 wentylacji.<\/p>\n<p align=\"justify\">\u015acinawski samorz\u0105d na og\u0142oszenie przetargu dotycz\u0105cego realizacji wy\u017cej wymienionej inwestycji ma czas do 6 miesi\u0119cy od momentu formalnego przyznania promesy.<\/p>\n<p align=\"justify\">\n<p><a href=\"http:\/\/nowa.scinawa.pl\/wp-content\/uploads\/2022\/07\/2-2.jpg\"><img decoding=\"async\" loading=\"lazy\" class=\"aligncenter size-full wp-image-27191\" src=\"http:\/\/nowa.scinawa.pl\/wp-content\/uploads\/2022\/07\/2-2.jpg\" alt=\"\" width=\"1024\" height=\"683\" srcset=\"https:\/\/scinawa.pl\/wp-content\/uploads\/2022\/07\/2-2.jpg 1024w, https:\/\/scinawa.pl\/wp-content\/uploads\/2022\/07\/2-2-300x200.jpg 300w, https:\/\/scinawa.pl\/wp-content\/uploads\/2022\/07\/2-2-768x512.jpg 768w, https:\/\/scinawa.pl\/wp-content\/uploads\/2022\/07\/2-2-24x16.jpg 24w, https:\/\/scinawa.pl\/wp-content\/uploads\/2022\/07\/2-2-36x24.jpg 36w, https:\/\/scinawa.pl\/wp-content\/uploads\/2022\/07\/2-2-48x32.jpg 48w\" sizes=\"(max-width: 1024px) 100vw, 1024px\" \/><\/a><\/p>\n<p><a href=\"http:\/\/nowa.scinawa.pl\/wp-content\/uploads\/2022\/07\/3-1.jpg\"><img decoding=\"async\" loading=\"lazy\" class=\"aligncenter size-full wp-image-27192\" src=\"http:\/\/nowa.scinawa.pl\/wp-content\/uploads\/2022\/07\/3-1.jpg\" alt=\"\" width=\"1024\" height=\"683\" srcset=\"https:\/\/scinawa.pl\/wp-content\/uploads\/2022\/07\/3-1.jpg 1024w, https:\/\/scinawa.pl\/wp-content\/uploads\/2022\/07\/3-1-300x200.jpg 300w, https:\/\/scinawa.pl\/wp-content\/uploads\/2022\/07\/3-1-768x512.jpg 768w, https:\/\/scinawa.pl\/wp-content\/uploads\/2022\/07\/3-1-24x16.jpg 24w, https:\/\/scinawa.pl\/wp-content\/uploads\/2022\/07\/3-1-36x24.jpg 36w, https:\/\/scinawa.pl\/wp-content\/uploads\/2022\/07\/3-1-48x32.jpg 48w\" sizes=\"(max-width: 1024px) 100vw, 1024px\" \/><\/a><\/p>\n<p><a href=\"http:\/\/nowa.scinawa.pl\/wp-content\/uploads\/2022\/07\/4-2.jpg\"><img decoding=\"async\" loading=\"lazy\" class=\"aligncenter size-full wp-image-27193\" src=\"http:\/\/nowa.scinawa.pl\/wp-content\/uploads\/2022\/07\/4-2.jpg\" alt=\"\" width=\"884\" height=\"526\" srcset=\"https:\/\/scinawa.pl\/wp-content\/uploads\/2022\/07\/4-2.jpg 884w, https:\/\/scinawa.pl\/wp-content\/uploads\/2022\/07\/4-2-300x179.jpg 300w, https:\/\/scinawa.pl\/wp-content\/uploads\/2022\/07\/4-2-768x457.jpg 768w, https:\/\/scinawa.pl\/wp-content\/uploads\/2022\/07\/4-2-24x14.jpg 24w, https:\/\/scinawa.pl\/wp-content\/uploads\/2022\/07\/4-2-36x21.jpg 36w, https:\/\/scinawa.pl\/wp-content\/uploads\/2022\/07\/4-2-48x29.jpg 48w\" sizes=\"(max-width: 884px) 100vw, 884px\" \/><\/a><\/p>\n","protected":false},"excerpt":{"rendered":"<p>Gmina \u015acinawa otrzyma kolejne wsparcie w ramach Rz\u0105dowego Funduszu Polski \u0141ad: Program Inwestycji Strategicznych, \u015brodki w wysoko\u015bci 2 mln z\u0142<\/p>\n","protected":false},"author":3,"featured_media":27194,"comment_status":"open","ping_status":"open","sticky":false,"template":"","format":"standard","meta":{"ngg_post_thumbnail":0},"categories":[12,3],"tags":[636,1625],"_links":{"self":[{"href":"https:\/\/scinawa.pl\/index.php\/wp-json\/wp\/v2\/posts\/27190"}],"collection":[{"href":"https:\/\/scinawa.pl\/index.php\/wp-json\/wp\/v2\/posts"}],"about":[{"href":"https:\/\/scinawa.pl\/index.php\/wp-json\/wp\/v2\/types\/post"}],"author":[{"embeddable":true,"href":"https:\/\/scinawa.pl\/index.php\/wp-json\/wp\/v2\/users\/3"}],"replies":[{"embeddable":true,"href":"https:\/\/scinawa.pl\/index.php\/wp-json\/wp\/v2\/comments?post=27190"}],"version-history":[{"count":4,"href":"https:\/\/scinawa.pl\/index.php\/wp-json\/wp\/v2\/posts\/27190\/revisions"}],"predecessor-version":[{"id":27198,"href":"https:\/\/scinawa.pl\/index.php\/wp-json\/wp\/v2\/posts\/27190\/revisions\/27198"}],"wp:featuredmedia":[{"embeddable":true,"href":"https:\/\/scinawa.pl\/index.php\/wp-json\/wp\/v2\/media\/27194"}],"wp:attachment":[{"href":"https:\/\/scinawa.pl\/index.php\/wp-json\/wp\/v2\/media?parent=27190"}],"wp:term":[{"taxonomy":"category","embeddable":true,"href":"https:\/\/scinawa.pl\/index.php\/wp-json\/wp\/v2\/categories?post=27190"},{"taxonomy":"post_tag","embeddable":true,"href":"https:\/\/scinawa.pl\/index.php\/wp-json\/wp\/v2\/tags?post=27190"}],"curies":[{"name":"wp","href":"https:\/\/api.w.org\/{rel}","templated":true}]}}