{"id":27019,"date":"2022-06-15T11:12:19","date_gmt":"2022-06-15T09:12:19","guid":{"rendered":"http:\/\/nowa.scinawa.pl\/?p=27019"},"modified":"2022-06-15T14:32:32","modified_gmt":"2022-06-15T12:32:32","slug":"procesja-przejdzie-ulicami-scinawy","status":"publish","type":"post","link":"https:\/\/scinawa.pl\/index.php\/2022\/06\/15\/procesja-przejdzie-ulicami-scinawy\/","title":{"rendered":"Procesja przejdzie ulicami \u015acinawy"},"content":{"rendered":"<p align=\"justify\"><strong>Jutro Ko\u015bci\u00f3\u0142 katolicki obchodzi uroczysto\u015b\u0107 Bo\u017cego Cia\u0142a, z tej okazji ulicami \u015acinawy przejdzie procesja, kt\u00f3ra zatrzyma si\u0119 przy czterech o\u0142tarzach. Z tego powodu apelujemy do kierowc\u00f3w o szczeg\u00f3ln\u0105 ostro\u017cno\u015b\u0107. Uroczysto\u015b\u0107 rozpocznie si\u0119 o godzinie 9:30 w \u015bcinawskim ko\u015bciele, po mszy \u015bwi\u0119tej wierni wyrusz\u0105 w modlitewnym pochodzie ulicami: Zgody, G\u0142ogowsk\u0105, Rynek, Mickiewicza, Jagie\u0142\u0142y (droga powiatowa), Jana Paw\u0142a II, Szpitaln\u0105 oraz Ko\u015bcieln\u0105. Poni\u017cej mapka.<\/strong><\/p>\n<p align=\"justify\"><a href=\"http:\/\/nowa.scinawa.pl\/wp-content\/uploads\/2022\/06\/procesja.jpg\"><img decoding=\"async\" loading=\"lazy\" class=\"aligncenter size-full wp-image-27020\" src=\"http:\/\/nowa.scinawa.pl\/wp-content\/uploads\/2022\/06\/procesja.jpg\" alt=\"\" width=\"807\" height=\"814\" srcset=\"https:\/\/scinawa.pl\/wp-content\/uploads\/2022\/06\/procesja.jpg 807w, https:\/\/scinawa.pl\/wp-content\/uploads\/2022\/06\/procesja-297x300.jpg 297w, https:\/\/scinawa.pl\/wp-content\/uploads\/2022\/06\/procesja-150x150.jpg 150w, https:\/\/scinawa.pl\/wp-content\/uploads\/2022\/06\/procesja-768x775.jpg 768w, https:\/\/scinawa.pl\/wp-content\/uploads\/2022\/06\/procesja-24x24.jpg 24w, https:\/\/scinawa.pl\/wp-content\/uploads\/2022\/06\/procesja-36x36.jpg 36w, https:\/\/scinawa.pl\/wp-content\/uploads\/2022\/06\/procesja-48x48.jpg 48w\" sizes=\"(max-width: 807px) 100vw, 807px\" \/><\/a><\/p>\n","protected":false},"excerpt":{"rendered":"<p>Jutro Ko\u015bci\u00f3\u0142 katolicki obchodzi uroczysto\u015b\u0107 Bo\u017cego Cia\u0142a, z tej okazji ulicami \u015acinawy przejdzie procesja, kt\u00f3ra zatrzyma si\u0119 przy czterech o\u0142tarzach.<\/p>\n","protected":false},"author":3,"featured_media":27021,"comment_status":"open","ping_status":"open","sticky":false,"template":"","format":"standard","meta":{"ngg_post_thumbnail":0},"categories":[12,3],"tags":[1629,1630],"_links":{"self":[{"href":"https:\/\/scinawa.pl\/index.php\/wp-json\/wp\/v2\/posts\/27019"}],"collection":[{"href":"https:\/\/scinawa.pl\/index.php\/wp-json\/wp\/v2\/posts"}],"about":[{"href":"https:\/\/scinawa.pl\/index.php\/wp-json\/wp\/v2\/types\/post"}],"author":[{"embeddable":true,"href":"https:\/\/scinawa.pl\/index.php\/wp-json\/wp\/v2\/users\/3"}],"replies":[{"embeddable":true,"href":"https:\/\/scinawa.pl\/index.php\/wp-json\/wp\/v2\/comments?post=27019"}],"version-history":[{"count":2,"href":"https:\/\/scinawa.pl\/index.php\/wp-json\/wp\/v2\/posts\/27019\/revisions"}],"predecessor-version":[{"id":27023,"href":"https:\/\/scinawa.pl\/index.php\/wp-json\/wp\/v2\/posts\/27019\/revisions\/27023"}],"wp:featuredmedia":[{"embeddable":true,"href":"https:\/\/scinawa.pl\/index.php\/wp-json\/wp\/v2\/media\/27021"}],"wp:attachment":[{"href":"https:\/\/scinawa.pl\/index.php\/wp-json\/wp\/v2\/media?parent=27019"}],"wp:term":[{"taxonomy":"category","embeddable":true,"href":"https:\/\/scinawa.pl\/index.php\/wp-json\/wp\/v2\/categories?post=27019"},{"taxonomy":"post_tag","embeddable":true,"href":"https:\/\/scinawa.pl\/index.php\/wp-json\/wp\/v2\/tags?post=27019"}],"curies":[{"name":"wp","href":"https:\/\/api.w.org\/{rel}","templated":true}]}}