{"id":26872,"date":"2022-05-29T10:30:43","date_gmt":"2022-05-29T08:30:43","guid":{"rendered":"http:\/\/nowa.scinawa.pl\/?p=26872"},"modified":"2022-05-29T10:30:43","modified_gmt":"2022-05-29T08:30:43","slug":"dzien-dzialacza-kultury-3","status":"publish","type":"post","link":"https:\/\/scinawa.pl\/index.php\/2022\/05\/29\/dzien-dzialacza-kultury-3\/","title":{"rendered":"Dzie\u0144 Dzia\u0142acza Kultury"},"content":{"rendered":"<p align=\"justify\"><strong>Z okazji dzisiejszego \u015bwi\u0119ta sk\u0142adamy najserdeczniejsze \u017cyczenia wszystkim tw\u00f3rcom oraz animatorom \u017cycia kulturalnego naszej gminy. Dzi\u0119kujemy za Wasz wk\u0142ad w krzewienie tradycji w\u015br\u00f3d mieszka\u0144c\u00f3w, za wzbogacanie ich osobowo\u015bci, rozwijanie wra\u017cliwo\u015bci na pi\u0119kno oraz pomoc w odkrywaniu talent\u00f3w. Nasze \u017cyczenia kierujemy do by\u0142ych i obecnych dyrektor\u00f3w, kierownik\u00f3w oraz pracownik\u00f3w: Centrum Turystyki i Kultury w \u015acinawie- wcze\u015bniej \u015acinawskiego O\u015brodka Kultury, Biblioteki Publicznej w \u015acinawie, O\u015brodka Dzia\u0142a\u0144 Edukacyjnych i Tw\u00f3rczych \u201ePa\u0142acyk\u201d, artyst\u00f3w z lokalnych zespo\u0142\u00f3w, stowarzysze\u0144 a tak\u017ce grupy teatralnej, kt\u00f3rzy od lat u\u015bwietniaj\u0105 imprezy oraz godnie reprezentuj\u0105 gmin\u0119 na zewn\u0105trz. \u017byczymy wi\u0119c zdrowia oraz nieko\u0144cz\u0105cej si\u0119 pasji do pracy, bo praca w kulturze, ze wzgl\u0119du na swoj\u0105 specyfik\u0119, wymaga ogromnego zaanga\u017cowania i po\u015bwi\u0119cenia, niezale\u017cnie od pory dnia czy pogody.<\/strong><\/p>\n<p>Burmistrz \u015acinawy<br \/>\nKrystian Koszty\u0142a z pracownikami UMiG<br \/>\noraz<br \/>\nPrzewodnicz\u0105cy Rady Miejskiej w \u015acinawie<br \/>\nMarek Szopa wraz z radnymi<\/p>\n","protected":false},"excerpt":{"rendered":"<p>Z okazji dzisiejszego \u015bwi\u0119ta sk\u0142adamy najserdeczniejsze \u017cyczenia wszystkim tw\u00f3rcom oraz animatorom \u017cycia kulturalnego naszej gminy. Dzi\u0119kujemy za Wasz wk\u0142ad w<\/p>\n","protected":false},"author":3,"featured_media":26873,"comment_status":"open","ping_status":"open","sticky":false,"template":"","format":"standard","meta":{"ngg_post_thumbnail":0},"categories":[12,3],"tags":[285,80,914],"_links":{"self":[{"href":"https:\/\/scinawa.pl\/index.php\/wp-json\/wp\/v2\/posts\/26872"}],"collection":[{"href":"https:\/\/scinawa.pl\/index.php\/wp-json\/wp\/v2\/posts"}],"about":[{"href":"https:\/\/scinawa.pl\/index.php\/wp-json\/wp\/v2\/types\/post"}],"author":[{"embeddable":true,"href":"https:\/\/scinawa.pl\/index.php\/wp-json\/wp\/v2\/users\/3"}],"replies":[{"embeddable":true,"href":"https:\/\/scinawa.pl\/index.php\/wp-json\/wp\/v2\/comments?post=26872"}],"version-history":[{"count":1,"href":"https:\/\/scinawa.pl\/index.php\/wp-json\/wp\/v2\/posts\/26872\/revisions"}],"predecessor-version":[{"id":26874,"href":"https:\/\/scinawa.pl\/index.php\/wp-json\/wp\/v2\/posts\/26872\/revisions\/26874"}],"wp:featuredmedia":[{"embeddable":true,"href":"https:\/\/scinawa.pl\/index.php\/wp-json\/wp\/v2\/media\/26873"}],"wp:attachment":[{"href":"https:\/\/scinawa.pl\/index.php\/wp-json\/wp\/v2\/media?parent=26872"}],"wp:term":[{"taxonomy":"category","embeddable":true,"href":"https:\/\/scinawa.pl\/index.php\/wp-json\/wp\/v2\/categories?post=26872"},{"taxonomy":"post_tag","embeddable":true,"href":"https:\/\/scinawa.pl\/index.php\/wp-json\/wp\/v2\/tags?post=26872"}],"curies":[{"name":"wp","href":"https:\/\/api.w.org\/{rel}","templated":true}]}}