{"id":26702,"date":"2022-05-10T10:40:59","date_gmt":"2022-05-10T08:40:59","guid":{"rendered":"http:\/\/nowa.scinawa.pl\/?p=26702"},"modified":"2022-05-10T12:44:15","modified_gmt":"2022-05-10T10:44:15","slug":"wracaja-dni-scinawy","status":"publish","type":"post","link":"https:\/\/scinawa.pl\/index.php\/2022\/05\/10\/wracaja-dni-scinawy\/","title":{"rendered":"Wracaj\u0105 Dni \u015acinawy!"},"content":{"rendered":"<p align=\"justify\"><strong>Po dwuletniej przerwie spowodowanej pandemi\u0105 COVID-19 Centrum Turystyki i Kultury w \u015acinawie zn\u00f3w zorganizuje du\u017c\u0105 i popularn\u0105 imprez\u0119 &#8211; Dni \u015acinawy. Tradycyjnie na portowej scenie zamelduj\u0105 si\u0119 gwiazdy, a ka\u017cdy kto zdecyduje si\u0119 sp\u0119dzi\u0107 pierwszy weekend czerwca nad Odr\u0105, znajdzie co\u015b dla siebie i b\u0119dzie si\u0119 dobrze bawi\u0142. Gwiazd\u0105 tegorocznych dni miasta b\u0119dzie bez w\u0105tpienia zesp\u00f3\u0142 Lemon, kt\u00f3ry ma na koncie 4 albumy studyjne, pokryte z\u0142otem, platyn\u0105 i podw\u00f3jn\u0105 platyn\u0105, a dwa z nich by\u0142y nominowane do Fryderyk\u00f3w. Nowo\u015bci\u0105 tej edycji imprezy b\u0119dzie Odra Dance Event, czyli noc klubowa, podczas wydarzenia 6 artyst\u00f3w zaprezentuje swoje elektroniczne brzmienia i interpretacje. Fani polskiego rapu te\u017c nie b\u0119d\u0105 zawiedzeni, bo w \u015acinawie wyst\u0105pi Qry &#8211; reprezentant kultowego Chillwagon&#8217;u.<\/strong><\/p>\n<p align=\"justify\">Dni \u015acinawy to \u015bwi\u0119to ca\u0142ej gminy, wydarzeniu towarzyszy\u0142y b\u0119d\u0105 te\u017c inne imprezy, w ramach Ligi Szk\u00f3\u0142ek Kolarskiej \u015bcigali si\u0119 b\u0119d\u0105 m\u0142odzi zawodnicy, tak\u017ce reprezentanci miejscowego klubu Sprint. Na scenie zaprezentuj\u0105 si\u0119 tancerze ze Studia Balans oraz muzycy, kt\u00f3rych przygotowuje Dorota Kr\u0119\u017cel. Specjalny spektakl szykuje niezawodna grupa teatralna \u201dZaczarowana Kurtyna\u201d, fani mocniejszego grania us\u0142ysz\u0105 grup\u0119 Apokalipsa. Za\u015bpiewaj\u0105 te\u017c utalentowani arty\u015bci z gminy \u015acinawa. Oczywi\u015bcie organizatorzy nie zapomnieli te\u017c o dzieciach, wszak 1 czerwca obchodzimy ich dzie\u0144, nie zabraknie wi\u0119c atrakcji dla najm\u0142odszych. Szczeg\u00f3\u0142owe informacje o planach i pomys\u0142ach na pierwszy weekend czerwca dost\u0119pne na profilu facebookowym:<a href=\"https:\/\/www.facebook.com\/CTiKScinawa\">https:\/\/www.facebook.com\/CTiKScinawa<\/a> oraz stronie internetowej: <a href=\"https:\/\/www.ctik.scinawa.pl\/\">https:\/\/www.ctik.scinawa.pl\/<\/a>.<\/p>\n","protected":false},"excerpt":{"rendered":"<p>Po dwuletniej przerwie spowodowanej pandemi\u0105 COVID-19 Centrum Turystyki i Kultury w \u015acinawie zn\u00f3w zorganizuje du\u017c\u0105 i popularn\u0105 imprez\u0119 &#8211; Dni<\/p>\n","protected":false},"author":3,"featured_media":26703,"comment_status":"open","ping_status":"open","sticky":false,"template":"","format":"standard","meta":{"ngg_post_thumbnail":0},"categories":[12,3],"tags":[689],"_links":{"self":[{"href":"https:\/\/scinawa.pl\/index.php\/wp-json\/wp\/v2\/posts\/26702"}],"collection":[{"href":"https:\/\/scinawa.pl\/index.php\/wp-json\/wp\/v2\/posts"}],"about":[{"href":"https:\/\/scinawa.pl\/index.php\/wp-json\/wp\/v2\/types\/post"}],"author":[{"embeddable":true,"href":"https:\/\/scinawa.pl\/index.php\/wp-json\/wp\/v2\/users\/3"}],"replies":[{"embeddable":true,"href":"https:\/\/scinawa.pl\/index.php\/wp-json\/wp\/v2\/comments?post=26702"}],"version-history":[{"count":4,"href":"https:\/\/scinawa.pl\/index.php\/wp-json\/wp\/v2\/posts\/26702\/revisions"}],"predecessor-version":[{"id":26707,"href":"https:\/\/scinawa.pl\/index.php\/wp-json\/wp\/v2\/posts\/26702\/revisions\/26707"}],"wp:featuredmedia":[{"embeddable":true,"href":"https:\/\/scinawa.pl\/index.php\/wp-json\/wp\/v2\/media\/26703"}],"wp:attachment":[{"href":"https:\/\/scinawa.pl\/index.php\/wp-json\/wp\/v2\/media?parent=26702"}],"wp:term":[{"taxonomy":"category","embeddable":true,"href":"https:\/\/scinawa.pl\/index.php\/wp-json\/wp\/v2\/categories?post=26702"},{"taxonomy":"post_tag","embeddable":true,"href":"https:\/\/scinawa.pl\/index.php\/wp-json\/wp\/v2\/tags?post=26702"}],"curies":[{"name":"wp","href":"https:\/\/api.w.org\/{rel}","templated":true}]}}