{"id":26643,"date":"2022-05-02T12:58:43","date_gmt":"2022-05-02T10:58:43","guid":{"rendered":"http:\/\/nowa.scinawa.pl\/?p=26643"},"modified":"2022-05-02T13:19:09","modified_gmt":"2022-05-02T11:19:09","slug":"obchody-231-rocznicy-uchwalenia-konstytucji-3-maja","status":"publish","type":"post","link":"https:\/\/scinawa.pl\/index.php\/2022\/05\/02\/obchody-231-rocznicy-uchwalenia-konstytucji-3-maja\/","title":{"rendered":"Obchody 231. rocznicy  uchwalenia Konstytucji 3 Maja"},"content":{"rendered":"<p align=\"justify\"><strong>Zapraszamy wszystkich mieszka\u0144c\u00f3w na wsp\u00f3lne obchody rocznicy uchwalenia Konstytucji 3 Maja \u2013 pierwszej w Europie i drugiej na \u015bwiecie (po Stan\u00f3w Zjednoczonych) spisanej konstytucji. Uroczysto\u015bci rozpocznie msza \u015bwi\u0119ta w \u015bcinawskim ko\u015bciele, nast\u0119pnie delegacje z\u0142o\u017c\u0105 kwiaty pod pomnikiem pami\u0119ci w parku miejskim.<\/strong><\/p>\n<p align=\"justify\">\n<p align=\"justify\"><a href=\"http:\/\/nowa.scinawa.pl\/wp-content\/uploads\/2022\/05\/278898055_5331292863568851_4650271727364789252_n.jpg\"><img decoding=\"async\" loading=\"lazy\" class=\"aligncenter size-full wp-image-26644\" src=\"http:\/\/nowa.scinawa.pl\/wp-content\/uploads\/2022\/05\/278898055_5331292863568851_4650271727364789252_n.jpg\" alt=\"\" width=\"1318\" height=\"1853\" srcset=\"https:\/\/scinawa.pl\/wp-content\/uploads\/2022\/05\/278898055_5331292863568851_4650271727364789252_n.jpg 1318w, https:\/\/scinawa.pl\/wp-content\/uploads\/2022\/05\/278898055_5331292863568851_4650271727364789252_n-213x300.jpg 213w, https:\/\/scinawa.pl\/wp-content\/uploads\/2022\/05\/278898055_5331292863568851_4650271727364789252_n-728x1024.jpg 728w, https:\/\/scinawa.pl\/wp-content\/uploads\/2022\/05\/278898055_5331292863568851_4650271727364789252_n-768x1080.jpg 768w, https:\/\/scinawa.pl\/wp-content\/uploads\/2022\/05\/278898055_5331292863568851_4650271727364789252_n-1093x1536.jpg 1093w, https:\/\/scinawa.pl\/wp-content\/uploads\/2022\/05\/278898055_5331292863568851_4650271727364789252_n-17x24.jpg 17w, https:\/\/scinawa.pl\/wp-content\/uploads\/2022\/05\/278898055_5331292863568851_4650271727364789252_n-26x36.jpg 26w, https:\/\/scinawa.pl\/wp-content\/uploads\/2022\/05\/278898055_5331292863568851_4650271727364789252_n-34x48.jpg 34w\" sizes=\"(max-width: 1318px) 100vw, 1318px\" \/><\/a><\/p>\n","protected":false},"excerpt":{"rendered":"<p>Zapraszamy wszystkich mieszka\u0144c\u00f3w na wsp\u00f3lne obchody rocznicy uchwalenia Konstytucji 3 Maja \u2013 pierwszej w Europie i drugiej na \u015bwiecie (po<\/p>\n","protected":false},"author":3,"featured_media":26648,"comment_status":"open","ping_status":"open","sticky":false,"template":"","format":"standard","meta":{"ngg_post_thumbnail":0},"categories":[12,3],"tags":[],"_links":{"self":[{"href":"https:\/\/scinawa.pl\/index.php\/wp-json\/wp\/v2\/posts\/26643"}],"collection":[{"href":"https:\/\/scinawa.pl\/index.php\/wp-json\/wp\/v2\/posts"}],"about":[{"href":"https:\/\/scinawa.pl\/index.php\/wp-json\/wp\/v2\/types\/post"}],"author":[{"embeddable":true,"href":"https:\/\/scinawa.pl\/index.php\/wp-json\/wp\/v2\/users\/3"}],"replies":[{"embeddable":true,"href":"https:\/\/scinawa.pl\/index.php\/wp-json\/wp\/v2\/comments?post=26643"}],"version-history":[{"count":2,"href":"https:\/\/scinawa.pl\/index.php\/wp-json\/wp\/v2\/posts\/26643\/revisions"}],"predecessor-version":[{"id":26647,"href":"https:\/\/scinawa.pl\/index.php\/wp-json\/wp\/v2\/posts\/26643\/revisions\/26647"}],"wp:featuredmedia":[{"embeddable":true,"href":"https:\/\/scinawa.pl\/index.php\/wp-json\/wp\/v2\/media\/26648"}],"wp:attachment":[{"href":"https:\/\/scinawa.pl\/index.php\/wp-json\/wp\/v2\/media?parent=26643"}],"wp:term":[{"taxonomy":"category","embeddable":true,"href":"https:\/\/scinawa.pl\/index.php\/wp-json\/wp\/v2\/categories?post=26643"},{"taxonomy":"post_tag","embeddable":true,"href":"https:\/\/scinawa.pl\/index.php\/wp-json\/wp\/v2\/tags?post=26643"}],"curies":[{"name":"wp","href":"https:\/\/api.w.org\/{rel}","templated":true}]}}