{"id":26545,"date":"2022-04-13T10:07:41","date_gmt":"2022-04-13T08:07:41","guid":{"rendered":"http:\/\/nowa.scinawa.pl\/?p=26545"},"modified":"2022-04-13T10:07:41","modified_gmt":"2022-04-13T08:07:41","slug":"kwalifikacja-wojskowa-2022","status":"publish","type":"post","link":"https:\/\/scinawa.pl\/index.php\/2022\/04\/13\/kwalifikacja-wojskowa-2022\/","title":{"rendered":"Kwalifikacja wojskowa 2022"},"content":{"rendered":"<p align=\"justify\"><strong>W dniach 21 &#8211; 22 kwietnia przeprowadzona zostanie kwalifikacja wojskowa &#8211; obowi\u0105zkowa dla m\u0119\u017cczyzn, kt\u00f3rzy urodzili si\u0119 w 2003 roku, zameldowanych na pobyt sta\u0142y lub czasowy, trwaj\u0105cy ponad trzy miesi\u0105ce, na terenie miasta i gminy \u015acinawa. Uwaga: kwalifikacji podlegaj\u0105 tak\u017ce m\u0119\u017cczy\u017ani urodzeni wcze\u015bniej, kt\u00f3rzy nie posiadaj\u0105 okre\u015blonej kategorii zdolno\u015bci do czynnej s\u0142u\u017cby wojskowej.<\/strong><\/p>\n<p><strong>Informacja w sprawie przeprowadzenia kwalifikacji wojskowej<\/strong><br \/>\n<strong>na terenie gminy \u015acinawa w 2022 roku<\/strong><\/p>\n<p align=\"justify\">Burmistrz \u015acinawy wzywa do kwalifikacji wojskowej:<\/p>\n<p>\u2022 m\u0119\u017cczyzn urodzonych w 2003 roku;<\/p>\n<p>\u2022 m\u0119\u017cczyzn urodzonych w latach 1998 \u2013 2002, kt\u00f3rzy nie posiadaj\u0105 okre\u015blonej kategorii zdolno\u015bci do czynnej s\u0142u\u017cby wojskowej;<\/p>\n<p>\u2022 osoby urodzone w latach 2001 \u2013 2002, kt\u00f3re:<br \/>\n&#8211; zosta\u0142y uznane przez powiatowe komisje lekarskie za czasowo niezdolne do czynnej s\u0142u\u017cby wojskowej ze wzgl\u0119du na stan zdrowia, je\u015bli okres tej niezdolno\u015bci up\u0142ywa przed zako\u0144czeniem kwalifikacji wojskowej;<br \/>\n&#8211; zosta\u0142y uznane przez powiatowe komisje lekarskie za czasowo niezdolne do czynnej s\u0142u\u017cby wojskowej ze wzgl\u0119du na stan zdrowia, je\u015bli okres tej niezdolno\u015bci up\u0142ywa po zako\u0144czeniu kwalifikacji wojskowej i z\u0142o\u017cy\u0142y w trybie art. 28 ust. 4 i 4 b ustawy z dnia 21 listopada 1967 r. o powszechnym obowi\u0105zku obrony Rzeczypospolitej Polskiej, wniosek o zmian\u0119 kategorii zdolno\u015bci do czynnej s\u0142u\u017cby wojskowej przed zako\u0144czeniem kwalifikacji wojskowej;<br \/>\n&#8211; kobiety urodzone w latach 1998 \u2013 2003 posiadaj\u0105ce kwalifikacje przydatne do czynnej s\u0142u\u017cby wojskowej, oraz kobiety pobieraj\u0105ce nauk\u0119 w celu uzyskania tych kwalifikacji, kt\u00f3re w roku szkolnym lub akademickim 2021\/2022 ko\u0144cz\u0105 nauk\u0119 w szko\u0142ach lub uczelniach medycznych i weterynaryjnych oraz na kierunkach psychologicznych albo b\u0119d\u0105ce studentkami lub absolwentkami tych szk\u00f3\u0142 lub kierunk\u00f3w (o kt\u00f3rych mowa w \u00a7 2 rozporz\u0105dzenia Rady Ministr\u00f3w z dnia 28 kwietnia 2017 r. w sprawie wskazania grup kobiet poddanych obowi\u0105zkowi stawienia si\u0119 do kwalifikacji wojskowej).<\/p>\n<p>Kwalifikacja wojskowa odb\u0119dzie si\u0119 w siedzibie Powiatowej Komisji Lekarskiej w Lubinie przy ul. Kardyna\u0142a Wyszy\u0144skiego 10 (Centrum Konferencyjne Sp\u00f3\u0142dzielni Mieszkaniowej \u201ePrzylesie\u201d) w dniach: 21 &#8211; 22 kwietnia 2022 r.<\/p>\n<p align=\"justify\"><span style=\"color: #ff0000;\">Nieotrzymanie wezwania imiennego nie zwalnia os\u00f3b podlegaj\u0105cych kwalifikacji wojskowej od obowi\u0105zku stawienia si\u0119 w terminie i miejscu wskazanym w obwieszczeniu Wojewody Dolno\u015bl\u0105skiego z dnia 21 marca 2022 r. w sprawie przeprowadzenia kwalifikacji wojskowej na terenie wojew\u00f3dztwa dolno\u015bl\u0105skiego w 2022 roku.<\/span><\/p>\n","protected":false},"excerpt":{"rendered":"<p>W dniach 21 &#8211; 22 kwietnia przeprowadzona zostanie kwalifikacja wojskowa &#8211; obowi\u0105zkowa dla m\u0119\u017cczyzn, kt\u00f3rzy urodzili si\u0119 w 2003 roku,<\/p>\n","protected":false},"author":3,"featured_media":26546,"comment_status":"open","ping_status":"open","sticky":false,"template":"","format":"standard","meta":{"ngg_post_thumbnail":0},"categories":[12,3],"tags":[1616,944,843],"_links":{"self":[{"href":"https:\/\/scinawa.pl\/index.php\/wp-json\/wp\/v2\/posts\/26545"}],"collection":[{"href":"https:\/\/scinawa.pl\/index.php\/wp-json\/wp\/v2\/posts"}],"about":[{"href":"https:\/\/scinawa.pl\/index.php\/wp-json\/wp\/v2\/types\/post"}],"author":[{"embeddable":true,"href":"https:\/\/scinawa.pl\/index.php\/wp-json\/wp\/v2\/users\/3"}],"replies":[{"embeddable":true,"href":"https:\/\/scinawa.pl\/index.php\/wp-json\/wp\/v2\/comments?post=26545"}],"version-history":[{"count":1,"href":"https:\/\/scinawa.pl\/index.php\/wp-json\/wp\/v2\/posts\/26545\/revisions"}],"predecessor-version":[{"id":26547,"href":"https:\/\/scinawa.pl\/index.php\/wp-json\/wp\/v2\/posts\/26545\/revisions\/26547"}],"wp:featuredmedia":[{"embeddable":true,"href":"https:\/\/scinawa.pl\/index.php\/wp-json\/wp\/v2\/media\/26546"}],"wp:attachment":[{"href":"https:\/\/scinawa.pl\/index.php\/wp-json\/wp\/v2\/media?parent=26545"}],"wp:term":[{"taxonomy":"category","embeddable":true,"href":"https:\/\/scinawa.pl\/index.php\/wp-json\/wp\/v2\/categories?post=26545"},{"taxonomy":"post_tag","embeddable":true,"href":"https:\/\/scinawa.pl\/index.php\/wp-json\/wp\/v2\/tags?post=26545"}],"curies":[{"name":"wp","href":"https:\/\/api.w.org\/{rel}","templated":true}]}}