{"id":26428,"date":"2022-03-30T15:04:35","date_gmt":"2022-03-30T13:04:35","guid":{"rendered":"http:\/\/nowa.scinawa.pl\/?p=26428"},"modified":"2022-03-30T15:04:35","modified_gmt":"2022-03-30T13:04:35","slug":"za-nami-forum-rolnicze-powiatu-lubinskiego","status":"publish","type":"post","link":"https:\/\/scinawa.pl\/index.php\/2022\/03\/30\/za-nami-forum-rolnicze-powiatu-lubinskiego\/","title":{"rendered":"Za nami Forum Rolnicze Powiatu Lubi\u0144skiego"},"content":{"rendered":"<p align=\"justify\"><strong>Rolnicy, przedstawiciele instytucji wspieraj\u0105cych t\u0119 ga\u0142\u0105\u017a gospodarki, uczniowie rolniczej szko\u0142y z Rudnej oraz samorz\u0105dowcy spotkali si\u0119 na sz\u00f3stym ju\u017c forum, przygotowanym przez Dolno\u015bl\u0105sk\u0105 Izb\u0119 Rolnicz\u0105 pod patronatem w\u00f3jta Gminy Lubin Tadeusza Kielana. Spotkanie, kt\u00f3re poprowadzi\u0142 przewodnicz\u0105cy struktur powiatowych DIR Franciszek Lesicki, zorganizowano w miejscowo\u015bci Obora, w trakcie forum om\u00f3wiono wa\u017cne dla rolnik\u00f3w tematy.<\/strong><\/p>\n<p align=\"justify\">We wczorajszym forum nasz samorz\u0105d reprezentowali: burmistrz Krystian Koszty\u0142a oraz Jan \u015aliwa, radny Rady Miejskiej w \u015acinawie, a jednocze\u015bnie przewodnicz\u0105cy dzia\u0142aj\u0105cej przy niej Komisji Rolnictwa, Ochrony \u015arodowiska i Przyrody. W spotkaniu uczestniczyli r\u00f3wnie\u017c okoliczni rolnicy: Wojciech Osiadacz, Kamil Chomi\u0144ski, J\u00f3zef Szebeszowicz, a tak\u017ce Franciszek Baranowski, kt\u00f3ry jest jednocze\u015bnie pe\u0142nomocnikiem zarz\u0105du DIR ds. dzia\u0142alno\u015bci ZWC ,,Wie\u015b Dolno\u015bl\u0105ska\u201d.<\/p>\n<p align=\"justify\">W czasie spotkania poruszono mi\u0119dzy innymi tematy dotycz\u0105ce plan\u00f3w \u0142owieckich i szk\u00f3d wyrz\u0105dzanych w uprawach przez zwierzyn\u0119 oraz odszkodowa\u0144 z tego tytu\u0142u. Om\u00f3wiono sytuacj\u0119 epizootyczna, dyskutowano o realizacji i zmianach w p\u0142atno\u015bciach bezpo\u015brednich obs\u0142ugiwanych przez Agencj\u0119 Restrukturyzacji i Modernizacji Rolnictwa. Poruszono kwestie dyrektywy azotanowej oraz ubezpiecze\u0144 rolniczych.<\/p>\n<p align=\"justify\">\n<p><a href=\"http:\/\/nowa.scinawa.pl\/wp-content\/uploads\/2022\/03\/2-3.jpg\"><img decoding=\"async\" loading=\"lazy\" class=\"aligncenter size-full wp-image-26430\" src=\"http:\/\/nowa.scinawa.pl\/wp-content\/uploads\/2022\/03\/2-3.jpg\" alt=\"\" width=\"1024\" height=\"768\" srcset=\"https:\/\/scinawa.pl\/wp-content\/uploads\/2022\/03\/2-3.jpg 1024w, https:\/\/scinawa.pl\/wp-content\/uploads\/2022\/03\/2-3-300x225.jpg 300w, https:\/\/scinawa.pl\/wp-content\/uploads\/2022\/03\/2-3-768x576.jpg 768w, https:\/\/scinawa.pl\/wp-content\/uploads\/2022\/03\/2-3-24x18.jpg 24w, https:\/\/scinawa.pl\/wp-content\/uploads\/2022\/03\/2-3-36x27.jpg 36w, https:\/\/scinawa.pl\/wp-content\/uploads\/2022\/03\/2-3-48x36.jpg 48w\" sizes=\"(max-width: 1024px) 100vw, 1024px\" \/><\/a><\/p>\n<p><a href=\"http:\/\/nowa.scinawa.pl\/wp-content\/uploads\/2022\/03\/3-3.jpg\"><img decoding=\"async\" loading=\"lazy\" class=\"aligncenter size-full wp-image-26431\" src=\"http:\/\/nowa.scinawa.pl\/wp-content\/uploads\/2022\/03\/3-3.jpg\" alt=\"\" width=\"1024\" height=\"768\" srcset=\"https:\/\/scinawa.pl\/wp-content\/uploads\/2022\/03\/3-3.jpg 1024w, https:\/\/scinawa.pl\/wp-content\/uploads\/2022\/03\/3-3-300x225.jpg 300w, https:\/\/scinawa.pl\/wp-content\/uploads\/2022\/03\/3-3-768x576.jpg 768w, https:\/\/scinawa.pl\/wp-content\/uploads\/2022\/03\/3-3-24x18.jpg 24w, https:\/\/scinawa.pl\/wp-content\/uploads\/2022\/03\/3-3-36x27.jpg 36w, https:\/\/scinawa.pl\/wp-content\/uploads\/2022\/03\/3-3-48x36.jpg 48w\" sizes=\"(max-width: 1024px) 100vw, 1024px\" \/><\/a><\/p>\n<p><a href=\"http:\/\/nowa.scinawa.pl\/wp-content\/uploads\/2022\/03\/4-3.jpg\"><img decoding=\"async\" loading=\"lazy\" class=\"aligncenter size-full wp-image-26432\" src=\"http:\/\/nowa.scinawa.pl\/wp-content\/uploads\/2022\/03\/4-3.jpg\" alt=\"\" width=\"1024\" height=\"768\" srcset=\"https:\/\/scinawa.pl\/wp-content\/uploads\/2022\/03\/4-3.jpg 1024w, https:\/\/scinawa.pl\/wp-content\/uploads\/2022\/03\/4-3-300x225.jpg 300w, https:\/\/scinawa.pl\/wp-content\/uploads\/2022\/03\/4-3-768x576.jpg 768w, https:\/\/scinawa.pl\/wp-content\/uploads\/2022\/03\/4-3-24x18.jpg 24w, https:\/\/scinawa.pl\/wp-content\/uploads\/2022\/03\/4-3-36x27.jpg 36w, https:\/\/scinawa.pl\/wp-content\/uploads\/2022\/03\/4-3-48x36.jpg 48w\" sizes=\"(max-width: 1024px) 100vw, 1024px\" \/><\/a><\/p>\n","protected":false},"excerpt":{"rendered":"<p>Rolnicy, przedstawiciele instytucji wspieraj\u0105cych t\u0119 ga\u0142\u0105\u017a gospodarki, uczniowie rolniczej szko\u0142y z Rudnej oraz samorz\u0105dowcy spotkali si\u0119 na sz\u00f3stym ju\u017c forum,<\/p>\n","protected":false},"author":3,"featured_media":26433,"comment_status":"open","ping_status":"open","sticky":false,"template":"","format":"standard","meta":{"ngg_post_thumbnail":0},"categories":[12,3],"tags":[1199],"_links":{"self":[{"href":"https:\/\/scinawa.pl\/index.php\/wp-json\/wp\/v2\/posts\/26428"}],"collection":[{"href":"https:\/\/scinawa.pl\/index.php\/wp-json\/wp\/v2\/posts"}],"about":[{"href":"https:\/\/scinawa.pl\/index.php\/wp-json\/wp\/v2\/types\/post"}],"author":[{"embeddable":true,"href":"https:\/\/scinawa.pl\/index.php\/wp-json\/wp\/v2\/users\/3"}],"replies":[{"embeddable":true,"href":"https:\/\/scinawa.pl\/index.php\/wp-json\/wp\/v2\/comments?post=26428"}],"version-history":[{"count":1,"href":"https:\/\/scinawa.pl\/index.php\/wp-json\/wp\/v2\/posts\/26428\/revisions"}],"predecessor-version":[{"id":26434,"href":"https:\/\/scinawa.pl\/index.php\/wp-json\/wp\/v2\/posts\/26428\/revisions\/26434"}],"wp:featuredmedia":[{"embeddable":true,"href":"https:\/\/scinawa.pl\/index.php\/wp-json\/wp\/v2\/media\/26433"}],"wp:attachment":[{"href":"https:\/\/scinawa.pl\/index.php\/wp-json\/wp\/v2\/media?parent=26428"}],"wp:term":[{"taxonomy":"category","embeddable":true,"href":"https:\/\/scinawa.pl\/index.php\/wp-json\/wp\/v2\/categories?post=26428"},{"taxonomy":"post_tag","embeddable":true,"href":"https:\/\/scinawa.pl\/index.php\/wp-json\/wp\/v2\/tags?post=26428"}],"curies":[{"name":"wp","href":"https:\/\/api.w.org\/{rel}","templated":true}]}}