{"id":26394,"date":"2022-03-26T14:10:50","date_gmt":"2022-03-26T13:10:50","guid":{"rendered":"http:\/\/nowa.scinawa.pl\/?p=26394"},"modified":"2022-03-26T14:18:47","modified_gmt":"2022-03-26T13:18:47","slug":"zmarl-starosta-powiatu-lubinskiego-adam-myrda","status":"publish","type":"post","link":"https:\/\/scinawa.pl\/index.php\/2022\/03\/26\/zmarl-starosta-powiatu-lubinskiego-adam-myrda\/","title":{"rendered":"Zmar\u0142 starosta powiatu lubi\u0144skiego Adam Myrda"},"content":{"rendered":"<p align=\"justify\"><strong>Z g\u0142\u0119bokim \u017calem przyj\u0119li\u015bmy informacj\u0119, \u017ce odszed\u0142 od nas starosta Adam Myrda. Wieloletni samorz\u0105dowiec zostanie zapami\u0119tany jako osoba zaanga\u017cowana w rozw\u00f3j ca\u0142ego regionu, pasjonat dzia\u0142aj\u0105cy na rzecz lokalnej spo\u0142eczno\u015bci, dobry i wra\u017cliwy cz\u0142owiek. Pogr\u0105\u017conej w smutku rodzinie sk\u0142adamy szczere kondolencje.<\/strong><\/p>\n<p style=\"text-align: right;\">Burmistrz \u015acinawy Krystian Koszty\u0142a<br \/>\nz pracownikami UMiG<br \/>\noraz<br \/>\nPrzewodnicz\u0105cy Rady Miejskiej w \u015acinawie Marek Szopa<br \/>\nz radnymi<\/p>\n<p>Foto: Starostwo Powiatowe w Lubinie<\/p>\n","protected":false},"excerpt":{"rendered":"<p>Z g\u0142\u0119bokim \u017calem przyj\u0119li\u015bmy informacj\u0119, \u017ce odszed\u0142 od nas starosta Adam Myrda. Wieloletni samorz\u0105dowiec zostanie zapami\u0119tany jako osoba zaanga\u017cowana w<\/p>\n","protected":false},"author":3,"featured_media":26395,"comment_status":"open","ping_status":"open","sticky":false,"template":"","format":"standard","meta":{"ngg_post_thumbnail":0},"categories":[12,3],"tags":[1612],"_links":{"self":[{"href":"https:\/\/scinawa.pl\/index.php\/wp-json\/wp\/v2\/posts\/26394"}],"collection":[{"href":"https:\/\/scinawa.pl\/index.php\/wp-json\/wp\/v2\/posts"}],"about":[{"href":"https:\/\/scinawa.pl\/index.php\/wp-json\/wp\/v2\/types\/post"}],"author":[{"embeddable":true,"href":"https:\/\/scinawa.pl\/index.php\/wp-json\/wp\/v2\/users\/3"}],"replies":[{"embeddable":true,"href":"https:\/\/scinawa.pl\/index.php\/wp-json\/wp\/v2\/comments?post=26394"}],"version-history":[{"count":3,"href":"https:\/\/scinawa.pl\/index.php\/wp-json\/wp\/v2\/posts\/26394\/revisions"}],"predecessor-version":[{"id":26398,"href":"https:\/\/scinawa.pl\/index.php\/wp-json\/wp\/v2\/posts\/26394\/revisions\/26398"}],"wp:featuredmedia":[{"embeddable":true,"href":"https:\/\/scinawa.pl\/index.php\/wp-json\/wp\/v2\/media\/26395"}],"wp:attachment":[{"href":"https:\/\/scinawa.pl\/index.php\/wp-json\/wp\/v2\/media?parent=26394"}],"wp:term":[{"taxonomy":"category","embeddable":true,"href":"https:\/\/scinawa.pl\/index.php\/wp-json\/wp\/v2\/categories?post=26394"},{"taxonomy":"post_tag","embeddable":true,"href":"https:\/\/scinawa.pl\/index.php\/wp-json\/wp\/v2\/tags?post=26394"}],"curies":[{"name":"wp","href":"https:\/\/api.w.org\/{rel}","templated":true}]}}