{"id":26019,"date":"2022-01-25T13:24:27","date_gmt":"2022-01-25T12:24:27","guid":{"rendered":"http:\/\/nowa.scinawa.pl\/?p=26019"},"modified":"2022-01-25T13:24:27","modified_gmt":"2022-01-25T12:24:27","slug":"gmina-pozyskala-srodki-na-zajecia-dodatkowe-dla-uczniow","status":"publish","type":"post","link":"https:\/\/scinawa.pl\/index.php\/2022\/01\/25\/gmina-pozyskala-srodki-na-zajecia-dodatkowe-dla-uczniow\/","title":{"rendered":"Gmina pozyska\u0142a \u015brodki na zaj\u0119cia dodatkowe dla uczni\u00f3w!"},"content":{"rendered":"<p align=\"justify\"><strong>\u015acinawski samorz\u0105d otrzyma\u0142 bezzwrotn\u0105 dotacj\u0119 wysoko\u015bci 413.482,34 z\u0142otych z Regionalnego Programu Operacyjnego Wojew\u00f3dztwa Dolno\u015bl\u0105skiego wsp\u00f3\u0142finansowanego ze \u015brodk\u00f3w Unii Europejskiej w ramach Europejskiego Funduszu Spo\u0142ecznego. Pozyskane wsparcie wykorzystane b\u0119dzie do podniesienia kluczowych kompetencji w\u015br\u00f3d uczni\u00f3w gminnych szk\u00f3\u0142 w zakresie umiej\u0119tno\u015bci matematycznych oraz j\u0119zykowych: polskiego, angielskiego oraz niemieckiego. Wcze\u015bniej w plac\u00f3wkach o\u015bwiatowych \u015bcinawskiego samorz\u0105du przeprowadzono diagnozy, kt\u00f3re wykaza\u0142y, \u017ce okres pandemii i ograniczenia wynikaj\u0105ce z nauki zdalnej spot\u0119gowa\u0142y w\u015br\u00f3d uczni\u00f3w wykluczenie spo\u0142eczne oraz edukacyjne.<\/strong><\/p>\n<p align=\"justify\">W ramach przeprowadzonej w gminnych szko\u0142ach diagnozy poddano analizie wyniki edukacyjne uczni\u00f3w oraz przeprowadzono rozmowy z nauczycielami kierunkowymi, pedagogiem szkolnym, rodzicami i uczniami. Zidentyfikowano nast\u0119puj\u0105ce problemy, kt\u00f3re cz\u0119\u015bciowo pog\u0142\u0119bi\u0142y si\u0119 w wyniku pandemii: wykluczenie cyfrowe wynikaj\u0105ce z r\u00f3\u017cnego statusu maj\u0105tkowego uczni\u00f3w, wykluczenie wynikaj\u0105ce z braku w\u0142a\u015bciwych warunk\u00f3w do edukacji, niewystarczaj\u0105ca liczba zaj\u0119\u0107 w szkole, brak dost\u0119pu do zaj\u0119\u0107 dodatkowych, brak mo\u017cliwo\u015bci po\u015bwi\u0119cenia dodatkowej uwagi uczniom o szczeg\u00f3lnych potrzebach, brak systematyczno\u015bci w pog\u0142\u0119bianiu wiedzy, niskie wyniki na egzaminie \u00f3smoklasisty.<\/p>\n<p align=\"justify\">Zadania zaplanowane w ramach dofinansowanego projektu:<br \/>\n\u2022 zaj\u0119cia wyr\u00f3wnawcze z matematyki dla klas: I-III;<br \/>\n\u2022 zaj\u0119cia wyr\u00f3wnawcze z matematyki dla klas: IV, VII, VIII;<br \/>\n\u2022 zaj\u0119cia podnosz\u0105ce kompetencje uczni\u00f3w z matematyki dla klas: V \u2013 VIII;<br \/>\n\u2022 zaj\u0119cia wyr\u00f3wnawcze z j\u0119zyka polskiego dla klas: I-III;<br \/>\n\u2022 zaj\u0119cia wyr\u00f3wnawcze z j\u0119zyka polskiego dla klas: IV, VII, VIII;<br \/>\n\u2022 zaj\u0119cia podnosz\u0105ce kompetencje uczni\u00f3w z j\u0119zyka polskiego dla klas: V \u2013 VIII;<br \/>\n\u2022 zaj\u0119cia wyr\u00f3wnawcze z j\u0119zyka angielskiego dla klas: I-III;<br \/>\n\u2022 zaj\u0119cia wyr\u00f3wnawcze z j\u0119zyka angielskiego dla klas: IV, VII, VIII;<br \/>\n\u2022 zaj\u0119cia podnosz\u0105ce kompetencje uczni\u00f3w z j\u0119zyka angielskiego dla klas: V \u2013 VIII;<br \/>\n\u2022 zaj\u0119cia wyr\u00f3wnawcze z j\u0119zyka niemieckiego dla klas: I-III;<br \/>\n\u2022 zaj\u0119cia wyr\u00f3wnawcze z j\u0119zyka niemieckiego dla klas: IV, VII, VIII;<br \/>\n\u2022 zaj\u0119cia podnosz\u0105ce kompetencje uczni\u00f3w z j\u0119zyka niemieckiego dla klas: V \u2013 VIII;<br \/>\n\u2022 Zielona Szko\u0142a \u201eOMNIBUS\u201d dla klas VII-VIII ze Szko\u0142y Podstawowej im. Orl\u0105t Lwowskich w Tymowej.<\/p>\n<p align=\"justify\">Realizacja wskazanych wy\u017cej zada\u0144 b\u0119dzie odpowiedzi\u0105 na zdiagnozowane potrzeby dzieci i m\u0142odzie\u017cy, w tym o szczeg\u00f3lnych potrzebach i z za\u0142o\u017cenia przyczyni si\u0119 do podniesienie kluczowych kompetencji uczni\u00f3w w wybranych obszarach oraz do poprawy ich kondycji psychicznej.<\/p>\n<p align=\"justify\">Niedawno o dotacjach na zaj\u0119cia pozalekcyjne, na specjalnej konferencji prasowej, m\u00f3wili marsza\u0142ek wojew\u00f3dztwa dolno\u015bl\u0105skiego Cezary Przybylski, a tak\u017ce wicemarsza\u0142ek Marcin Krzy\u017canowski. Wi\u0119cej informacji oraz pe\u0142na lista projekt\u00f3w, kt\u00f3re uzyska\u0142y wsparcie w artykule: \u201e<a href=\"https:\/\/umwd.dolnyslask.pl\/urzad\/aktualnosci\/artykul\/355-mln-zlotych-na-zajecia-pozalekcyjne-w-szkolach-podstawowych\/?no_cache=1&amp;cHash=baee2677453500ad0caf1ccb37b13c89\">35,5 mln z\u0142otych na zaj\u0119cia pozalekcyjne w szko\u0142ach podstawowych<\/a>\u201d.<\/p>\n","protected":false},"excerpt":{"rendered":"<p>\u015acinawski samorz\u0105d otrzyma\u0142 bezzwrotn\u0105 dotacj\u0119 wysoko\u015bci 413.482,34 z\u0142otych z Regionalnego Programu Operacyjnego Wojew\u00f3dztwa Dolno\u015bl\u0105skiego wsp\u00f3\u0142finansowanego ze \u015brodk\u00f3w Unii Europejskiej w<\/p>\n","protected":false},"author":3,"featured_media":26020,"comment_status":"open","ping_status":"open","sticky":false,"template":"","format":"standard","meta":{"ngg_post_thumbnail":0},"categories":[12,3],"tags":[1595,1403],"_links":{"self":[{"href":"https:\/\/scinawa.pl\/index.php\/wp-json\/wp\/v2\/posts\/26019"}],"collection":[{"href":"https:\/\/scinawa.pl\/index.php\/wp-json\/wp\/v2\/posts"}],"about":[{"href":"https:\/\/scinawa.pl\/index.php\/wp-json\/wp\/v2\/types\/post"}],"author":[{"embeddable":true,"href":"https:\/\/scinawa.pl\/index.php\/wp-json\/wp\/v2\/users\/3"}],"replies":[{"embeddable":true,"href":"https:\/\/scinawa.pl\/index.php\/wp-json\/wp\/v2\/comments?post=26019"}],"version-history":[{"count":2,"href":"https:\/\/scinawa.pl\/index.php\/wp-json\/wp\/v2\/posts\/26019\/revisions"}],"predecessor-version":[{"id":26022,"href":"https:\/\/scinawa.pl\/index.php\/wp-json\/wp\/v2\/posts\/26019\/revisions\/26022"}],"wp:featuredmedia":[{"embeddable":true,"href":"https:\/\/scinawa.pl\/index.php\/wp-json\/wp\/v2\/media\/26020"}],"wp:attachment":[{"href":"https:\/\/scinawa.pl\/index.php\/wp-json\/wp\/v2\/media?parent=26019"}],"wp:term":[{"taxonomy":"category","embeddable":true,"href":"https:\/\/scinawa.pl\/index.php\/wp-json\/wp\/v2\/categories?post=26019"},{"taxonomy":"post_tag","embeddable":true,"href":"https:\/\/scinawa.pl\/index.php\/wp-json\/wp\/v2\/tags?post=26019"}],"curies":[{"name":"wp","href":"https:\/\/api.w.org\/{rel}","templated":true}]}}