{"id":25888,"date":"2021-12-31T13:45:09","date_gmt":"2021-12-31T12:45:09","guid":{"rendered":"http:\/\/nowa.scinawa.pl\/?p=25888"},"modified":"2021-12-31T14:05:55","modified_gmt":"2021-12-31T13:05:55","slug":"dir-podsumowal-rok","status":"publish","type":"post","link":"https:\/\/scinawa.pl\/index.php\/2021\/12\/31\/dir-podsumowal-rok\/","title":{"rendered":"DIR podsumowa\u0142 rok"},"content":{"rendered":"<p align=\"justify\"><strong>W minion\u0105 \u015brod\u0119 w Lubinie cz\u0142onkowie Rady Powiatowej Dolno\u015bl\u0105skiej Izby Rolniczej Powiatu Lubi\u0144skiego spotkali si\u0119 z przedstawicielami samorz\u0105du terytorialnego i jednostek pracuj\u0105cych na rzecz rolnictwa. Przewodnicz\u0105cy rady Franciszek Lesicki podsumowa\u0142 podejmowane w 2021 roku dzia\u0142ania i nakre\u015bli\u0142 plan pracy na kolejne 12 miesi\u0119cy. W trakcie spotkania podzi\u0119kowano za wsp\u00f3\u0142prac\u0119 i zas\u0142ugi na rzecz samorz\u0105du rolniczego oraz wsparcie rolnik\u00f3w, statuetki z okazji 25-lecia DIR otrzymali: burmistrz \u015acinawy Krystian Koszty\u0142a, w\u00f3jt Gminy Lubin Tadeusz Kielan oraz w\u00f3jt Gminy Rudna Adrian Wo\u0142kowski.<\/strong><\/p>\n<p align=\"justify\">W\u015br\u00f3d zaproszonych go\u015bci obecni byli: prezes DIR Ryszard Borys oraz wiceprezes DIR Waldemar Jankowski, Powiatowy Lekarz Weterynarii Wies\u0142awa Bober, kierownik PZDR Arkadiusz Dulemba, w zast\u0119pstwie kierownika BP ARiMR Beata Kalinowska-Nowak, kierownik PIORiN O\/w Lubinie Dominik Byrski, zast\u0119pca nadle\u015bniczego Nadle\u015bnictwa Lubin Zenon Adamiak, kierownik Sekcji Zamiejscowej KOWR w Legnicy Andrzej Wa\u0144kowicz, prezes Sp\u00f3\u0142ki LIRPOL Franciszek Baranowski oraz radni i rolnicy.<\/p>\n<p align=\"justify\">W trakcie spotkania om\u00f3wione zosta\u0142y istotne zagadnienia dotycz\u0105ce rolnictwa, zw\u0142aszcza zagro\u017cenia wynikaj\u0105ce z choroby ASF i problem\u00f3w z jakimi borykaj\u0105 si\u0119 producenci trzody chlewnej. Przekazano tak\u017ce informacje dotycz\u0105ce szk\u00f3d \u0142owieckich, dzier\u017cawy grunt\u00f3w z Zasobu W\u0142asno\u015bci Skarbu Pa\u0144stwa, atestacji opryskiwaczy oraz realizacji wniosk\u00f3w o p\u0142atno\u015bci obszarowe, rolno\u015brodowiskowe i ONW.<\/p>\n<p align=\"justify\"><span class=\"d2edcug0 hpfvmrgz qv66sw1b c1et5uql lr9zc1uh a8c37x1j keod5gw0 nxhoafnm aigsh9s9 fe6kdd0r mau55g9w c8b282yb d3f4x2em iv3no6db jq4qci2q a3bd9o3v b1v8xokw oo9gr5id hzawbc8m\" dir=\"auto\">Przewodnicz\u0105cy Leszek Lesicki podzi\u0119kowa\u0142 w\u0142odarzom samorz\u0105d\u00f3w za uchwa\u0142y o obni\u017ceniu ceny skupu \u017cyta za 1 decyton\u0119 (1 kwintal\/ 100 kg), kt\u00f3ra jest podstaw\u0105 do obliczania podatku rolnego. Przypomnijmy, \u017ce w gminie \u015acinawa, dzi\u0119ki obni\u017ceniu przez rad\u0119, stawka podatku rolnego na 2022 rok zosta\u0142 utrzymana na poziomie z roku bie\u017c\u0105cego &#8211; o czym informowali\u015bmy w artykule:\u00a0 <a class=\"oajrlxb2 g5ia77u1 qu0x051f esr5mh6w e9989ue4 r7d6kgcz rq0escxv nhd2j8a9 nc684nl6 p7hjln8o kvgmc6g5 cxmmr5t8 oygrvhab hcukyx3x jb3vyjys rz4wbd8a qt6c0cv9 a8nywdso i1ao9s8h esuyzwwr f1sip0of lzcic4wl gpro0wi8 py34i1dx\" tabindex=\"0\" role=\"link\" href=\"https:\/\/l.facebook.com\/l.php?u=http%3A%2F%2Fnowa.scinawa.pl%2Findex.php%2F2021%2F12%2F01%2Fradni-obnizyli-cene-skupu-zyta%2F%3Ffbclid%3DIwAR16JAz4UD_6rncMfkDZuJTFji22bVYk6stI--7xilXDF4BZCWCkcQBY2F0&amp;h=AT1UKo6975ora2ctReBI0c0Rdht2EZRs656evA3I9J91a21XPwjCUMotnn8I_fxNKB66Hj67vVG3Kda7GkHh0m33-oRozkdccVc3RLrwqou0jpuJpZlgGrbqk35NyJGSqy4&amp;__tn__=-UK-R&amp;c[0]=AT0h9xBZU_NdLDy3eCSwYip5RMGM5dxrIipSIGOiLRj9EqZHUMD3cMtKCv5XX6Gy_IEmAZECzMnigsQdvHKOFQgAk5XmvQoqoaHHI8rCk3d8Ckr-aTbeo-rM3YnYHiH2TM99pNBqEUh1Nop_h5VOrIrcJr1ePZ8tLb1B-aCMMeLHJfAY8YRKhNxKklJ6UGvEZ037sxA\" target=\"_blank\" rel=\"nofollow noopener noreferrer\">http:\/\/nowa.scinawa.pl\/&#8230;\/radni-obnizyli-cene-skupu-zyta\/<\/a><\/span><\/p>\n<p>\u0179r\u00f3d\u0142o, Foto: DIR<\/p>\n<p><a href=\"http:\/\/nowa.scinawa.pl\/wp-content\/uploads\/2021\/12\/270409663_4567328893322322_5554557904458207702_n.jpg\"><img decoding=\"async\" loading=\"lazy\" class=\"aligncenter size-full wp-image-25891\" src=\"http:\/\/nowa.scinawa.pl\/wp-content\/uploads\/2021\/12\/270409663_4567328893322322_5554557904458207702_n.jpg\" alt=\"\" width=\"1897\" height=\"1168\" srcset=\"https:\/\/scinawa.pl\/wp-content\/uploads\/2021\/12\/270409663_4567328893322322_5554557904458207702_n.jpg 1897w, https:\/\/scinawa.pl\/wp-content\/uploads\/2021\/12\/270409663_4567328893322322_5554557904458207702_n-300x185.jpg 300w, https:\/\/scinawa.pl\/wp-content\/uploads\/2021\/12\/270409663_4567328893322322_5554557904458207702_n-1024x630.jpg 1024w, https:\/\/scinawa.pl\/wp-content\/uploads\/2021\/12\/270409663_4567328893322322_5554557904458207702_n-768x473.jpg 768w, https:\/\/scinawa.pl\/wp-content\/uploads\/2021\/12\/270409663_4567328893322322_5554557904458207702_n-1536x946.jpg 1536w, https:\/\/scinawa.pl\/wp-content\/uploads\/2021\/12\/270409663_4567328893322322_5554557904458207702_n-24x15.jpg 24w, https:\/\/scinawa.pl\/wp-content\/uploads\/2021\/12\/270409663_4567328893322322_5554557904458207702_n-36x22.jpg 36w, https:\/\/scinawa.pl\/wp-content\/uploads\/2021\/12\/270409663_4567328893322322_5554557904458207702_n-48x30.jpg 48w\" sizes=\"(max-width: 1897px) 100vw, 1897px\" \/><\/a><\/p>\n","protected":false},"excerpt":{"rendered":"<p>W minion\u0105 \u015brod\u0119 w Lubinie cz\u0142onkowie Rady Powiatowej Dolno\u015bl\u0105skiej Izby Rolniczej Powiatu Lubi\u0144skiego spotkali si\u0119 z przedstawicielami samorz\u0105du terytorialnego i<\/p>\n","protected":false},"author":3,"featured_media":25889,"comment_status":"open","ping_status":"open","sticky":false,"template":"","format":"standard","meta":{"ngg_post_thumbnail":0},"categories":[12],"tags":[],"_links":{"self":[{"href":"https:\/\/scinawa.pl\/index.php\/wp-json\/wp\/v2\/posts\/25888"}],"collection":[{"href":"https:\/\/scinawa.pl\/index.php\/wp-json\/wp\/v2\/posts"}],"about":[{"href":"https:\/\/scinawa.pl\/index.php\/wp-json\/wp\/v2\/types\/post"}],"author":[{"embeddable":true,"href":"https:\/\/scinawa.pl\/index.php\/wp-json\/wp\/v2\/users\/3"}],"replies":[{"embeddable":true,"href":"https:\/\/scinawa.pl\/index.php\/wp-json\/wp\/v2\/comments?post=25888"}],"version-history":[{"count":4,"href":"https:\/\/scinawa.pl\/index.php\/wp-json\/wp\/v2\/posts\/25888\/revisions"}],"predecessor-version":[{"id":25898,"href":"https:\/\/scinawa.pl\/index.php\/wp-json\/wp\/v2\/posts\/25888\/revisions\/25898"}],"wp:featuredmedia":[{"embeddable":true,"href":"https:\/\/scinawa.pl\/index.php\/wp-json\/wp\/v2\/media\/25889"}],"wp:attachment":[{"href":"https:\/\/scinawa.pl\/index.php\/wp-json\/wp\/v2\/media?parent=25888"}],"wp:term":[{"taxonomy":"category","embeddable":true,"href":"https:\/\/scinawa.pl\/index.php\/wp-json\/wp\/v2\/categories?post=25888"},{"taxonomy":"post_tag","embeddable":true,"href":"https:\/\/scinawa.pl\/index.php\/wp-json\/wp\/v2\/tags?post=25888"}],"curies":[{"name":"wp","href":"https:\/\/api.w.org\/{rel}","templated":true}]}}