{"id":25673,"date":"2021-11-26T16:00:50","date_gmt":"2021-11-26T15:00:50","guid":{"rendered":"http:\/\/nowa.scinawa.pl\/?p=25673"},"modified":"2021-11-26T14:57:05","modified_gmt":"2021-11-26T13:57:05","slug":"wspolnie-w-sprawie-przebudowy-wojewodzkiej-292","status":"publish","type":"post","link":"https:\/\/scinawa.pl\/index.php\/2021\/11\/26\/wspolnie-w-sprawie-przebudowy-wojewodzkiej-292\/","title":{"rendered":"Wsp\u00f3lnie w sprawie przebudowy wojew\u00f3dzkiej 292"},"content":{"rendered":"<p align=\"justify\"><strong>W zwi\u0105zku z zaanga\u017cowaniem rz\u0105du w realizacj\u0119 Programu Inwestycji Strategicznych w ramach Funduszu \u201ePolski \u0141ad\u201d gminy: Prochowice, Rudna i \u015acinawa zawnioskowa\u0142y do Dolno\u015bl\u0105skiej S\u0142u\u017cby Dr\u00f3g i Kolei we Wroc\u0142awiu o realizacj\u0119 kompleksowej przebudowy i remont drogi wojew\u00f3dzkiej nr 292, od miejscowo\u015bci Lisowice w gminie Prochowice, przez \u015acinaw\u0119, do miejscowo\u015bci Nieszczyce w gminie Rudna. Droga ta stanowi g\u0142\u00f3wn\u0105 infrastruktur\u0119 komunikacyjn\u0105 dla tego obszaru, niestety jej obecny stan w wielu miejscach zagra\u017ca bezpiecze\u0144stwu uczestnikom ruchu. Dzi\u015b w urz\u0119dzie w Rudnej w\u0142odarze trzech gmin podpisali list kierowany do zarz\u0105dcy drogi, z pro\u015bb\u0105 o uwzgl\u0119dnienie przebudowy 292 na wskazanym odcinku we wniosku wojew\u00f3dztwa i DSDiK o rz\u0105dowe wsparcie w ramach II edycji Programu Inwestycji Strategicznych \u201ePolski \u0141ad\u201d.<\/strong><\/p>\n<p align=\"justify\">\u2013 Mamy nadziej\u0119, \u017ce nasza pro\u015bba spotka si\u0119 z pozytywnym rozpatrzeniem i wojew\u00f3dztwo poprzez DSDiK z\u0142o\u017cy wniosek do \u201ePolskiego \u0141adu\u201d na modernizacj\u0119 292. Jako w\u0142odarze trzech s\u0105siaduj\u0105cych ze sob\u0105 gmin dostrzegamy potrzeb\u0119 pilnej modernizacji drogi, szczeg\u00f3lnie bior\u0105c pod uwag\u0119 jej codzienne obci\u0105\u017cenie ruchem i przewo\u017conym ci\u0119\u017carem, pogarszaj\u0105cymi stan nawierzchni. Droga ta, we wsiach, kt\u00f3re kanalizujemy jest obecnie fragmentami przebudowywana, poza tym na uko\u0144czeniu jest dokumentacja dla odcinka od \u015acinawy do Lasowic. Liczymy, \u017ce na ten i inne szersze zakresy wojew\u00f3dztwo znajdzie i pozyska finansowanie, st\u0105d nasze wsp\u00f3lne wyst\u0105pienie \u2013 m\u00f3wi burmistrz \u015acinawy Krystian Koszty\u0142a.<\/p>\n<p>Foto: Nowiny Gminne<\/p>\n<p align=\"justify\"><a href=\"http:\/\/nowa.scinawa.pl\/wp-content\/uploads\/2021\/11\/2-4.jpg\"><img decoding=\"async\" loading=\"lazy\" class=\"aligncenter size-full wp-image-25675\" src=\"http:\/\/nowa.scinawa.pl\/wp-content\/uploads\/2021\/11\/2-4.jpg\" alt=\"\" width=\"1024\" height=\"683\" srcset=\"https:\/\/scinawa.pl\/wp-content\/uploads\/2021\/11\/2-4.jpg 1024w, https:\/\/scinawa.pl\/wp-content\/uploads\/2021\/11\/2-4-300x200.jpg 300w, https:\/\/scinawa.pl\/wp-content\/uploads\/2021\/11\/2-4-768x512.jpg 768w, https:\/\/scinawa.pl\/wp-content\/uploads\/2021\/11\/2-4-24x16.jpg 24w, https:\/\/scinawa.pl\/wp-content\/uploads\/2021\/11\/2-4-36x24.jpg 36w, https:\/\/scinawa.pl\/wp-content\/uploads\/2021\/11\/2-4-48x32.jpg 48w\" sizes=\"(max-width: 1024px) 100vw, 1024px\" \/><\/a><\/p>\n<p align=\"justify\"><a href=\"http:\/\/nowa.scinawa.pl\/wp-content\/uploads\/2021\/11\/3-4.jpg\"><img decoding=\"async\" loading=\"lazy\" class=\"aligncenter size-full wp-image-25676\" src=\"http:\/\/nowa.scinawa.pl\/wp-content\/uploads\/2021\/11\/3-4.jpg\" alt=\"\" width=\"1024\" height=\"683\" srcset=\"https:\/\/scinawa.pl\/wp-content\/uploads\/2021\/11\/3-4.jpg 1024w, https:\/\/scinawa.pl\/wp-content\/uploads\/2021\/11\/3-4-300x200.jpg 300w, https:\/\/scinawa.pl\/wp-content\/uploads\/2021\/11\/3-4-768x512.jpg 768w, https:\/\/scinawa.pl\/wp-content\/uploads\/2021\/11\/3-4-24x16.jpg 24w, https:\/\/scinawa.pl\/wp-content\/uploads\/2021\/11\/3-4-36x24.jpg 36w, https:\/\/scinawa.pl\/wp-content\/uploads\/2021\/11\/3-4-48x32.jpg 48w\" sizes=\"(max-width: 1024px) 100vw, 1024px\" \/><\/a><\/p>\n","protected":false},"excerpt":{"rendered":"<p>W zwi\u0105zku z zaanga\u017cowaniem rz\u0105du w realizacj\u0119 Programu Inwestycji Strategicznych w ramach Funduszu \u201ePolski \u0141ad\u201d gminy: Prochowice, Rudna i \u015acinawa<\/p>\n","protected":false},"author":3,"featured_media":25674,"comment_status":"open","ping_status":"open","sticky":false,"template":"","format":"standard","meta":{"ngg_post_thumbnail":0},"categories":[12,3],"tags":[1372,1573,1220],"_links":{"self":[{"href":"https:\/\/scinawa.pl\/index.php\/wp-json\/wp\/v2\/posts\/25673"}],"collection":[{"href":"https:\/\/scinawa.pl\/index.php\/wp-json\/wp\/v2\/posts"}],"about":[{"href":"https:\/\/scinawa.pl\/index.php\/wp-json\/wp\/v2\/types\/post"}],"author":[{"embeddable":true,"href":"https:\/\/scinawa.pl\/index.php\/wp-json\/wp\/v2\/users\/3"}],"replies":[{"embeddable":true,"href":"https:\/\/scinawa.pl\/index.php\/wp-json\/wp\/v2\/comments?post=25673"}],"version-history":[{"count":1,"href":"https:\/\/scinawa.pl\/index.php\/wp-json\/wp\/v2\/posts\/25673\/revisions"}],"predecessor-version":[{"id":25677,"href":"https:\/\/scinawa.pl\/index.php\/wp-json\/wp\/v2\/posts\/25673\/revisions\/25677"}],"wp:featuredmedia":[{"embeddable":true,"href":"https:\/\/scinawa.pl\/index.php\/wp-json\/wp\/v2\/media\/25674"}],"wp:attachment":[{"href":"https:\/\/scinawa.pl\/index.php\/wp-json\/wp\/v2\/media?parent=25673"}],"wp:term":[{"taxonomy":"category","embeddable":true,"href":"https:\/\/scinawa.pl\/index.php\/wp-json\/wp\/v2\/categories?post=25673"},{"taxonomy":"post_tag","embeddable":true,"href":"https:\/\/scinawa.pl\/index.php\/wp-json\/wp\/v2\/tags?post=25673"}],"curies":[{"name":"wp","href":"https:\/\/api.w.org\/{rel}","templated":true}]}}