{"id":25622,"date":"2021-11-18T16:19:46","date_gmt":"2021-11-18T15:19:46","guid":{"rendered":"http:\/\/nowa.scinawa.pl\/?p=25622"},"modified":"2021-11-18T16:19:46","modified_gmt":"2021-11-18T15:19:46","slug":"32-mln-zl-na-port-przystanie-i-sciezki-rowerowe","status":"publish","type":"post","link":"https:\/\/scinawa.pl\/index.php\/2021\/11\/18\/32-mln-zl-na-port-przystanie-i-sciezki-rowerowe\/","title":{"rendered":"32 mln z\u0142 na port, przystanie i \u015bcie\u017cki rowerowe!"},"content":{"rendered":"<p align=\"justify\"><strong>W miniony wtorek Zarz\u0105d Wojew\u00f3dztwa Dolno\u015bl\u0105skiego, pe\u0142ni\u0105cy rol\u0119 Instytucji Zarz\u0105dzaj\u0105cej Regionalnym Programem Operacyjnym Wojew\u00f3dztwa Dolno\u015bl\u0105skiego 2014-2020, podj\u0105\u0142 uchwa\u0142\u0119 w sprawie wyboru projekt\u00f3w do dofinansowania, rozstrzygaj\u0105c tym samym konkurs horyzontalny dotycz\u0105cy ochrony i udost\u0119pniania zasob\u00f3w przyrodniczych. Wniosek przygotowany i z\u0142o\u017cony pod koniec lipca przez Stowarzyszenie \u201eRzeczpospolita Samorz\u0105dna\u201d, kt\u00f3rego cz\u0142onkiem jest Gmina \u015acinawa, zosta\u0142 oceniony najwy\u017cej, przedmiotowy projekt otrzyma\u0142 blisko 32 mln z\u0142 unijnego dofinansowania! Dzi\u0119ki wsparciu planuje si\u0119 wybudowa\u0107 m.in. brakuj\u0105cy odcinek \u015bcie\u017cki rowerowej do Prochowic, przysta\u0144 w Lubi\u0105\u017cu na Odrze, czy port w \u015acinawie.<\/strong><\/p>\n<p align=\"justify\">Drogi rowerowe, kt\u00f3re s\u0105 jednocze\u015bnie cz\u0119\u015bci\u0105 Cyklostrady Dolno\u015bl\u0105skiej oraz przystanie realizowane b\u0119d\u0105 na obszarze kilku gmin: \u015acinawy, Prochowic, Wo\u0142owa, Chocianowa i Brzegu Dolnego, wszystkie s\u0105 cz\u0142onkami Stowarzyszenia \u201eRzeczpospolita Samorz\u0105dna\u201d. W projekcie wycenionym \u0142\u0105cznie na blisko 38 mln z\u0142 przewidziano budow\u0119 kilkudziesi\u0119ciu kilometr\u00f3w \u015bcie\u017cek dla jedno\u015blad\u00f3w oraz przystani nad Odr\u0105 w \u015acinawie, Dziewinie, Lubi\u0105\u017cu i Brzegu Dolnym.<\/p>\n<p align=\"justify\">Na realizacj\u0119 ca\u0142ego zadania beneficjent i wsp\u00f3\u0142pracuj\u0105ce z nim jednostki samorz\u0105du terytorialnego maj\u0105 \u0142\u0105cznie 2 lata. Na wi\u0119kszo\u015b\u0107 zaplanowanych w projekcie prac jest ju\u017c gotowa dokumentacja wraz z pozwoleniami na budow\u0119. Warto te\u017c podkre\u015bli\u0107, \u017ce w \u201eRzeczpospolitej Samorz\u0105dnej\u201d odpowiedzialnym za przygotowanie wniosku o dotacj\u0119, a tak\u017ce za koordynacj\u0119 dzia\u0142a\u0144 w tym zakresie by\u0142 Krystian Koszty\u0142a \u2013 wcze\u015bniej przewodnicz\u0105cy zarz\u0105du stowarzyszenia.<\/p>\n<p align=\"justify\">\u2013 Bardzo dzi\u0119kuj\u0119 wszystkim za zaanga\u017cowanie w przygotowywanie wniosku o dofinansowanie, samorz\u0105dowcom reprezentuj\u0105cym gminy b\u0119d\u0105ce w projekcie za wsp\u00f3\u0142prac\u0119, ale szczeg\u00f3lnie dzi\u0119kuj\u0119 Dariuszowi Stasiakowi, kt\u00f3ry wg mojej oceny w\u0142o\u017cy\u0142 w to najwi\u0119cej pracy. Wsp\u00f3lnie uda\u0142o si\u0119 pozyska\u0107 niema\u0142e \u015brodki, teraz przyjdzie czas na realizacj\u0119 tego ambitnego przedsi\u0119wzi\u0119cia \u2013 m\u00f3wi burmistrz \u015acinawy.<\/p>\n<p align=\"justify\">Rozbudowa infrastruktury ma na celu promocj\u0119 turystyki w regionie i udost\u0119pnienie cennych przyrodniczo teren\u00f3w rzeki Odry.<\/p>\n<p align=\"justify\">Lista projekt\u00f3w, kt\u00f3re spe\u0142ni\u0142y wymogi konkursu i zosta\u0142y zakwalifikowane do dofinansowania:<\/p>\n<p><a href=\"http:\/\/nowa.scinawa.pl\/wp-content\/uploads\/2021\/11\/4-Lista-wniosek-porty-i-\u015bcie\u017cki.jpg\"><img decoding=\"async\" loading=\"lazy\" class=\"aligncenter size-full wp-image-25623\" src=\"http:\/\/nowa.scinawa.pl\/wp-content\/uploads\/2021\/11\/4-Lista-wniosek-porty-i-\u015bcie\u017cki.jpg\" alt=\"\" width=\"1288\" height=\"805\" srcset=\"https:\/\/scinawa.pl\/wp-content\/uploads\/2021\/11\/4-Lista-wniosek-porty-i-\u015bcie\u017cki.jpg 1288w, https:\/\/scinawa.pl\/wp-content\/uploads\/2021\/11\/4-Lista-wniosek-porty-i-\u015bcie\u017cki-300x188.jpg 300w, https:\/\/scinawa.pl\/wp-content\/uploads\/2021\/11\/4-Lista-wniosek-porty-i-\u015bcie\u017cki-1024x640.jpg 1024w, https:\/\/scinawa.pl\/wp-content\/uploads\/2021\/11\/4-Lista-wniosek-porty-i-\u015bcie\u017cki-768x480.jpg 768w, https:\/\/scinawa.pl\/wp-content\/uploads\/2021\/11\/4-Lista-wniosek-porty-i-\u015bcie\u017cki-24x15.jpg 24w, https:\/\/scinawa.pl\/wp-content\/uploads\/2021\/11\/4-Lista-wniosek-porty-i-\u015bcie\u017cki-36x23.jpg 36w, https:\/\/scinawa.pl\/wp-content\/uploads\/2021\/11\/4-Lista-wniosek-porty-i-\u015bcie\u017cki-48x30.jpg 48w\" sizes=\"(max-width: 1288px) 100vw, 1288px\" \/><\/a><\/p>\n<p><a href=\"http:\/\/nowa.scinawa.pl\/wp-content\/uploads\/2021\/11\/1-Port-w-\u015acinawie-tytu\u0142owe.jpg\"><img decoding=\"async\" loading=\"lazy\" class=\"aligncenter size-full wp-image-25624\" src=\"http:\/\/nowa.scinawa.pl\/wp-content\/uploads\/2021\/11\/1-Port-w-\u015acinawie-tytu\u0142owe.jpg\" alt=\"\" width=\"957\" height=\"562\" srcset=\"https:\/\/scinawa.pl\/wp-content\/uploads\/2021\/11\/1-Port-w-\u015acinawie-tytu\u0142owe.jpg 957w, https:\/\/scinawa.pl\/wp-content\/uploads\/2021\/11\/1-Port-w-\u015acinawie-tytu\u0142owe-300x176.jpg 300w, https:\/\/scinawa.pl\/wp-content\/uploads\/2021\/11\/1-Port-w-\u015acinawie-tytu\u0142owe-768x451.jpg 768w, https:\/\/scinawa.pl\/wp-content\/uploads\/2021\/11\/1-Port-w-\u015acinawie-tytu\u0142owe-24x14.jpg 24w, https:\/\/scinawa.pl\/wp-content\/uploads\/2021\/11\/1-Port-w-\u015acinawie-tytu\u0142owe-36x21.jpg 36w, https:\/\/scinawa.pl\/wp-content\/uploads\/2021\/11\/1-Port-w-\u015acinawie-tytu\u0142owe-48x28.jpg 48w\" sizes=\"(max-width: 957px) 100vw, 957px\" \/><\/a>(port w \u015acinawie)<\/p>\n<p><a href=\"http:\/\/nowa.scinawa.pl\/wp-content\/uploads\/2021\/11\/2-\u015acie\u017cka-rowerowa-w-kierunku-Prochowic.jpg\"><img decoding=\"async\" loading=\"lazy\" class=\"aligncenter size-full wp-image-25625\" src=\"http:\/\/nowa.scinawa.pl\/wp-content\/uploads\/2021\/11\/2-\u015acie\u017cka-rowerowa-w-kierunku-Prochowic.jpg\" alt=\"\" width=\"1024\" height=\"598\" srcset=\"https:\/\/scinawa.pl\/wp-content\/uploads\/2021\/11\/2-\u015acie\u017cka-rowerowa-w-kierunku-Prochowic.jpg 1024w, https:\/\/scinawa.pl\/wp-content\/uploads\/2021\/11\/2-\u015acie\u017cka-rowerowa-w-kierunku-Prochowic-300x175.jpg 300w, https:\/\/scinawa.pl\/wp-content\/uploads\/2021\/11\/2-\u015acie\u017cka-rowerowa-w-kierunku-Prochowic-768x449.jpg 768w, https:\/\/scinawa.pl\/wp-content\/uploads\/2021\/11\/2-\u015acie\u017cka-rowerowa-w-kierunku-Prochowic-24x14.jpg 24w, https:\/\/scinawa.pl\/wp-content\/uploads\/2021\/11\/2-\u015acie\u017cka-rowerowa-w-kierunku-Prochowic-36x21.jpg 36w, https:\/\/scinawa.pl\/wp-content\/uploads\/2021\/11\/2-\u015acie\u017cka-rowerowa-w-kierunku-Prochowic-48x28.jpg 48w\" sizes=\"(max-width: 1024px) 100vw, 1024px\" \/><\/a>(\u015bcie\u017cka rowerowa w kierunku Prochowic)<\/p>\n<p><a href=\"http:\/\/nowa.scinawa.pl\/wp-content\/uploads\/2021\/11\/3-Przysta\u0144-w-Brzegu-Dolnym.jpg\"><img decoding=\"async\" loading=\"lazy\" class=\"aligncenter size-full wp-image-25626\" src=\"http:\/\/nowa.scinawa.pl\/wp-content\/uploads\/2021\/11\/3-Przysta\u0144-w-Brzegu-Dolnym.jpg\" alt=\"\" width=\"1024\" height=\"601\" srcset=\"https:\/\/scinawa.pl\/wp-content\/uploads\/2021\/11\/3-Przysta\u0144-w-Brzegu-Dolnym.jpg 1024w, https:\/\/scinawa.pl\/wp-content\/uploads\/2021\/11\/3-Przysta\u0144-w-Brzegu-Dolnym-300x176.jpg 300w, https:\/\/scinawa.pl\/wp-content\/uploads\/2021\/11\/3-Przysta\u0144-w-Brzegu-Dolnym-768x451.jpg 768w, https:\/\/scinawa.pl\/wp-content\/uploads\/2021\/11\/3-Przysta\u0144-w-Brzegu-Dolnym-24x14.jpg 24w, https:\/\/scinawa.pl\/wp-content\/uploads\/2021\/11\/3-Przysta\u0144-w-Brzegu-Dolnym-36x21.jpg 36w, https:\/\/scinawa.pl\/wp-content\/uploads\/2021\/11\/3-Przysta\u0144-w-Brzegu-Dolnym-48x28.jpg 48w\" sizes=\"(max-width: 1024px) 100vw, 1024px\" \/><\/a>(przysta\u0144 w Brzegu Dolnym)<\/p>\n","protected":false},"excerpt":{"rendered":"<p>W miniony wtorek Zarz\u0105d Wojew\u00f3dztwa Dolno\u015bl\u0105skiego, pe\u0142ni\u0105cy rol\u0119 Instytucji Zarz\u0105dzaj\u0105cej Regionalnym Programem Operacyjnym Wojew\u00f3dztwa Dolno\u015bl\u0105skiego 2014-2020, podj\u0105\u0142 uchwa\u0142\u0119 w sprawie<\/p>\n","protected":false},"author":3,"featured_media":25624,"comment_status":"open","ping_status":"open","sticky":false,"template":"","format":"standard","meta":{"ngg_post_thumbnail":0},"categories":[12,3],"tags":[1575,1284],"_links":{"self":[{"href":"https:\/\/scinawa.pl\/index.php\/wp-json\/wp\/v2\/posts\/25622"}],"collection":[{"href":"https:\/\/scinawa.pl\/index.php\/wp-json\/wp\/v2\/posts"}],"about":[{"href":"https:\/\/scinawa.pl\/index.php\/wp-json\/wp\/v2\/types\/post"}],"author":[{"embeddable":true,"href":"https:\/\/scinawa.pl\/index.php\/wp-json\/wp\/v2\/users\/3"}],"replies":[{"embeddable":true,"href":"https:\/\/scinawa.pl\/index.php\/wp-json\/wp\/v2\/comments?post=25622"}],"version-history":[{"count":1,"href":"https:\/\/scinawa.pl\/index.php\/wp-json\/wp\/v2\/posts\/25622\/revisions"}],"predecessor-version":[{"id":25627,"href":"https:\/\/scinawa.pl\/index.php\/wp-json\/wp\/v2\/posts\/25622\/revisions\/25627"}],"wp:featuredmedia":[{"embeddable":true,"href":"https:\/\/scinawa.pl\/index.php\/wp-json\/wp\/v2\/media\/25624"}],"wp:attachment":[{"href":"https:\/\/scinawa.pl\/index.php\/wp-json\/wp\/v2\/media?parent=25622"}],"wp:term":[{"taxonomy":"category","embeddable":true,"href":"https:\/\/scinawa.pl\/index.php\/wp-json\/wp\/v2\/categories?post=25622"},{"taxonomy":"post_tag","embeddable":true,"href":"https:\/\/scinawa.pl\/index.php\/wp-json\/wp\/v2\/tags?post=25622"}],"curies":[{"name":"wp","href":"https:\/\/api.w.org\/{rel}","templated":true}]}}