{"id":25558,"date":"2021-11-10T15:00:07","date_gmt":"2021-11-10T14:00:07","guid":{"rendered":"http:\/\/nowa.scinawa.pl\/?p=25558"},"modified":"2021-11-10T15:03:04","modified_gmt":"2021-11-10T14:03:04","slug":"obchody-103-rocznicy-odzyskania-niepodleglosci","status":"publish","type":"post","link":"https:\/\/scinawa.pl\/index.php\/2021\/11\/10\/obchody-103-rocznicy-odzyskania-niepodleglosci\/","title":{"rendered":"Obchody 103. rocznicy odzyskania niepodleg\u0142o\u015bci"},"content":{"rendered":"<p align=\"justify\"><strong>Centrum Turystyki i Kultury w \u015acinawie oraz Burmistrz \u015acinawy zapraszaj\u0105 do udzia\u0142u w obchodach z okazji odzyskania przez Polsk\u0119 niepodleg\u0142o\u015bci. Uroczysto\u015bci rozpocznie msza \u015bwi\u0119ta w intencji wolnej Ojczyzny, p\u00f3\u017anej delegacje z\u0142o\u017c\u0105 wie\u0144ce pod pomnikiem pami\u0119ci w parku miejskim.<\/strong><\/p>\n<p align=\"justify\"><a href=\"http:\/\/nowa.scinawa.pl\/wp-content\/uploads\/2021\/11\/252763127_4767642906600519_2798875930593373828_n.jpg\"><img decoding=\"async\" loading=\"lazy\" class=\"aligncenter size-full wp-image-25560\" src=\"http:\/\/nowa.scinawa.pl\/wp-content\/uploads\/2021\/11\/252763127_4767642906600519_2798875930593373828_n.jpg\" alt=\"\" width=\"1154\" height=\"1653\" srcset=\"https:\/\/scinawa.pl\/wp-content\/uploads\/2021\/11\/252763127_4767642906600519_2798875930593373828_n.jpg 1154w, https:\/\/scinawa.pl\/wp-content\/uploads\/2021\/11\/252763127_4767642906600519_2798875930593373828_n-209x300.jpg 209w, https:\/\/scinawa.pl\/wp-content\/uploads\/2021\/11\/252763127_4767642906600519_2798875930593373828_n-715x1024.jpg 715w, https:\/\/scinawa.pl\/wp-content\/uploads\/2021\/11\/252763127_4767642906600519_2798875930593373828_n-768x1100.jpg 768w, https:\/\/scinawa.pl\/wp-content\/uploads\/2021\/11\/252763127_4767642906600519_2798875930593373828_n-1072x1536.jpg 1072w, https:\/\/scinawa.pl\/wp-content\/uploads\/2021\/11\/252763127_4767642906600519_2798875930593373828_n-17x24.jpg 17w, https:\/\/scinawa.pl\/wp-content\/uploads\/2021\/11\/252763127_4767642906600519_2798875930593373828_n-25x36.jpg 25w, https:\/\/scinawa.pl\/wp-content\/uploads\/2021\/11\/252763127_4767642906600519_2798875930593373828_n-34x48.jpg 34w\" sizes=\"(max-width: 1154px) 100vw, 1154px\" \/><\/a><\/p>\n","protected":false},"excerpt":{"rendered":"<p>Centrum Turystyki i Kultury w \u015acinawie oraz Burmistrz \u015acinawy zapraszaj\u0105 do udzia\u0142u w obchodach z okazji odzyskania przez Polsk\u0119 niepodleg\u0142o\u015bci.<\/p>\n","protected":false},"author":3,"featured_media":25563,"comment_status":"open","ping_status":"open","sticky":false,"template":"","format":"standard","meta":{"ngg_post_thumbnail":0},"categories":[12,3],"tags":[],"_links":{"self":[{"href":"https:\/\/scinawa.pl\/index.php\/wp-json\/wp\/v2\/posts\/25558"}],"collection":[{"href":"https:\/\/scinawa.pl\/index.php\/wp-json\/wp\/v2\/posts"}],"about":[{"href":"https:\/\/scinawa.pl\/index.php\/wp-json\/wp\/v2\/types\/post"}],"author":[{"embeddable":true,"href":"https:\/\/scinawa.pl\/index.php\/wp-json\/wp\/v2\/users\/3"}],"replies":[{"embeddable":true,"href":"https:\/\/scinawa.pl\/index.php\/wp-json\/wp\/v2\/comments?post=25558"}],"version-history":[{"count":3,"href":"https:\/\/scinawa.pl\/index.php\/wp-json\/wp\/v2\/posts\/25558\/revisions"}],"predecessor-version":[{"id":25564,"href":"https:\/\/scinawa.pl\/index.php\/wp-json\/wp\/v2\/posts\/25558\/revisions\/25564"}],"wp:featuredmedia":[{"embeddable":true,"href":"https:\/\/scinawa.pl\/index.php\/wp-json\/wp\/v2\/media\/25563"}],"wp:attachment":[{"href":"https:\/\/scinawa.pl\/index.php\/wp-json\/wp\/v2\/media?parent=25558"}],"wp:term":[{"taxonomy":"category","embeddable":true,"href":"https:\/\/scinawa.pl\/index.php\/wp-json\/wp\/v2\/categories?post=25558"},{"taxonomy":"post_tag","embeddable":true,"href":"https:\/\/scinawa.pl\/index.php\/wp-json\/wp\/v2\/tags?post=25558"}],"curies":[{"name":"wp","href":"https:\/\/api.w.org\/{rel}","templated":true}]}}