{"id":25537,"date":"2021-11-08T10:45:36","date_gmt":"2021-11-08T09:45:36","guid":{"rendered":"http:\/\/nowa.scinawa.pl\/?p=25537"},"modified":"2021-11-08T10:45:36","modified_gmt":"2021-11-08T09:45:36","slug":"dotacje-dla-mlodych-przedsiebiorcow-z-dolnego-slaska","status":"publish","type":"post","link":"https:\/\/scinawa.pl\/index.php\/2021\/11\/08\/dotacje-dla-mlodych-przedsiebiorcow-z-dolnego-slaska\/","title":{"rendered":"Dotacje dla m\u0142odych przedsi\u0119biorc\u00f3w z Dolnego \u015al\u0105ska"},"content":{"rendered":"<p align=\"justify\"><strong>Dolno\u015bl\u0105ski Park Innowacji i Nauki uruchomi\u0142 projekt \u201cDotacje dla M\u0142odych\u201d, kt\u00f3rego celem jest wsparcie m\u0142odych przedsi\u0119biorc\u00f3w z Dolnego \u015al\u0105ska, poprzez dofinansowanie nawet do 34 tys. z\u0142 na za\u0142o\u017cenie dzia\u0142alno\u015bci gospodarczej dla os\u00f3b w wieku 18-29 lat.<\/strong><\/p>\n<p align=\"justify\"><strong>Projekt wystartowa\u0142 w kwietniu 2021 roku i potrwa do marca 2023 r. Adresowany jest do os\u00f3b mieszkaj\u0105cych lub ucz\u0105cych si\u0119 na terenie Dolnego \u015al\u0105ska. Do projektu mog\u0105 przyst\u0105pi\u0107 osoby spe\u0142niaj\u0105ce poni\u017csze kryteria:<\/strong><br \/>\n\u25cf po 1 marca 2020 r. utraci\u0142y zatrudnienie i pozostaj\u0105 poza rynkiem pracy do dnia rozpocz\u0119cia udzia\u0142u w projekcie;<br \/>\n\u25cf nie posiada\u0142y wpisu do CEIDG\/KRS przez okres 12 miesi\u0119cy do dnia poprzedzaj\u0105cego przyst\u0105pienie do projektu;<br \/>\n\u25cf nie uczestnicz\u0105 w innych projektach aktywizacji zawodowej ze \u015brodk\u00f3w Europejskiego Funduszu Spo\u0142ecznego;<br \/>\n\u25cf nie korzystaj\u0105 r\u00f3wnolegle z innych \u015brodk\u00f3w publicznych, w tym instrument\u00f3w wsparcia COVID-19;<br \/>\nW ramach programu mo\u017cna uzyska\u0107 bezzwrotne dofinansowanie na rozpocz\u0119cie w\u0142asnej dzia\u0142alno\u015bci gospodarczej, nawet do 34 tysi\u0119cy z\u0142otych.<\/p>\n<p align=\"justify\">Wi\u0119cej informacji na temat projektu znajdziecie na stronie DPiN, pod numerem telefonu -+48 608 555 058, lub adresem: dotacjedlamlodych@dpin.pl.<\/p>\n<p align=\"justify\">Projekt jest realizowany w ramach Programu Operacyjnego Wiedza Edukacja Rozw\u00f3j na lata 2014-2020: O\u015b priorytetowa: I. Rynek pracy otwarty dla wszystkich Dzia\u0142anie: 1.2 Wsparcie os\u00f3b m\u0142odych na regionalnym rynku pracy.<\/p>\n<p align=\"justify\">Koordynator projektu: Dorota Sa\u0142o; e-mail: dorota.salo@dpin.pl; tel.: +48 608 555 058.<\/p>\n<p align=\"justify\">\u0179r\u00f3d\u0142o: DPiN<\/p>\n<p align=\"justify\"><a href=\"http:\/\/nowa.scinawa.pl\/wp-content\/uploads\/2021\/11\/Plakat_Damian_page-0001-\u2014-kopia.jpg\"><img decoding=\"async\" loading=\"lazy\" class=\"aligncenter size-full wp-image-25539\" src=\"http:\/\/nowa.scinawa.pl\/wp-content\/uploads\/2021\/11\/Plakat_Damian_page-0001-\u2014-kopia.jpg\" alt=\"\" width=\"1276\" height=\"1790\" srcset=\"https:\/\/scinawa.pl\/wp-content\/uploads\/2021\/11\/Plakat_Damian_page-0001-\u2014-kopia.jpg 1276w, https:\/\/scinawa.pl\/wp-content\/uploads\/2021\/11\/Plakat_Damian_page-0001-\u2014-kopia-214x300.jpg 214w, https:\/\/scinawa.pl\/wp-content\/uploads\/2021\/11\/Plakat_Damian_page-0001-\u2014-kopia-730x1024.jpg 730w, https:\/\/scinawa.pl\/wp-content\/uploads\/2021\/11\/Plakat_Damian_page-0001-\u2014-kopia-768x1077.jpg 768w, https:\/\/scinawa.pl\/wp-content\/uploads\/2021\/11\/Plakat_Damian_page-0001-\u2014-kopia-1095x1536.jpg 1095w, https:\/\/scinawa.pl\/wp-content\/uploads\/2021\/11\/Plakat_Damian_page-0001-\u2014-kopia-17x24.jpg 17w, https:\/\/scinawa.pl\/wp-content\/uploads\/2021\/11\/Plakat_Damian_page-0001-\u2014-kopia-26x36.jpg 26w, https:\/\/scinawa.pl\/wp-content\/uploads\/2021\/11\/Plakat_Damian_page-0001-\u2014-kopia-34x48.jpg 34w\" sizes=\"(max-width: 1276px) 100vw, 1276px\" \/><\/a><\/p>\n","protected":false},"excerpt":{"rendered":"<p>Dolno\u015bl\u0105ski Park Innowacji i Nauki uruchomi\u0142 projekt \u201cDotacje dla M\u0142odych\u201d, kt\u00f3rego celem jest wsparcie m\u0142odych przedsi\u0119biorc\u00f3w z Dolnego \u015al\u0105ska, poprzez<\/p>\n","protected":false},"author":3,"featured_media":25538,"comment_status":"open","ping_status":"open","sticky":false,"template":"","format":"standard","meta":{"ngg_post_thumbnail":0},"categories":[12,3],"tags":[1569,176],"_links":{"self":[{"href":"https:\/\/scinawa.pl\/index.php\/wp-json\/wp\/v2\/posts\/25537"}],"collection":[{"href":"https:\/\/scinawa.pl\/index.php\/wp-json\/wp\/v2\/posts"}],"about":[{"href":"https:\/\/scinawa.pl\/index.php\/wp-json\/wp\/v2\/types\/post"}],"author":[{"embeddable":true,"href":"https:\/\/scinawa.pl\/index.php\/wp-json\/wp\/v2\/users\/3"}],"replies":[{"embeddable":true,"href":"https:\/\/scinawa.pl\/index.php\/wp-json\/wp\/v2\/comments?post=25537"}],"version-history":[{"count":1,"href":"https:\/\/scinawa.pl\/index.php\/wp-json\/wp\/v2\/posts\/25537\/revisions"}],"predecessor-version":[{"id":25540,"href":"https:\/\/scinawa.pl\/index.php\/wp-json\/wp\/v2\/posts\/25537\/revisions\/25540"}],"wp:featuredmedia":[{"embeddable":true,"href":"https:\/\/scinawa.pl\/index.php\/wp-json\/wp\/v2\/media\/25538"}],"wp:attachment":[{"href":"https:\/\/scinawa.pl\/index.php\/wp-json\/wp\/v2\/media?parent=25537"}],"wp:term":[{"taxonomy":"category","embeddable":true,"href":"https:\/\/scinawa.pl\/index.php\/wp-json\/wp\/v2\/categories?post=25537"},{"taxonomy":"post_tag","embeddable":true,"href":"https:\/\/scinawa.pl\/index.php\/wp-json\/wp\/v2\/tags?post=25537"}],"curies":[{"name":"wp","href":"https:\/\/api.w.org\/{rel}","templated":true}]}}