{"id":25511,"date":"2021-11-04T12:34:03","date_gmt":"2021-11-04T11:34:03","guid":{"rendered":"http:\/\/nowa.scinawa.pl\/?p=25511"},"modified":"2021-11-04T12:34:03","modified_gmt":"2021-11-04T11:34:03","slug":"powiat-w-kampanii-19-dni-przeciwko-przemocy-i-krzywdzeniu-dzieci-oraz-mlodziezy","status":"publish","type":"post","link":"https:\/\/scinawa.pl\/index.php\/2021\/11\/04\/powiat-w-kampanii-19-dni-przeciwko-przemocy-i-krzywdzeniu-dzieci-oraz-mlodziezy\/","title":{"rendered":"Powiat w kampanii \u201e19 dni przeciwko przemocy i krzywdzeniu dzieci oraz m\u0142odzie\u017cy\u201d"},"content":{"rendered":"<p align=\"justify\"><strong>Powiatowe Centrum Pomocy Rodzinie w Lubinie uruchamia dla wszystkich mieszka\u0144c\u00f3w Powiatu Lubi\u0144skiego stref\u0119 specjalistycznego poradnictwa i wsparcia &#8211; \u201eRazem przeciwko przemocy\u201d. Mo\u017cna z niej b\u0119dzie skorzysta\u0107 do 19 listopada.<\/strong><\/p>\n<p align=\"justify\"><strong>Je\u017celi doznajesz przemocy, b\u0105d\u017a jeste\u015b \u015bwiadkiem zdarzenia lub podejrzewasz, \u017ce kto\u015b mo\u017ce by\u0107 bity, dr\u0119czony psychicznie w szczeg\u00f3lno\u015bci ma\u0142oletnie dzieci, zareaguj, przyjd\u017a i skorzystaj z bezp\u0142atnych porad i konsultacji specjalist\u00f3w.<\/strong><br \/>\n&#8211; psycholog przyjmuje w ka\u017cdy poniedzia\u0142ek w godzinach 10-12,<br \/>\n&#8211; prawnik \u2013 we wtorki i czwartki od godz. 13.30 do 15.30,<br \/>\n&#8211; pracownik socjalny i terapeuta \u2013 od poniedzia\u0142ku do pi\u0105tku w godz. 7.30-15.30.<\/p>\n<p align=\"justify\"><strong>W sytuacjach nag\u0142ych, kryzysowych istnieje mo\u017cliwo\u015b\u0107 udzielenia natychmiastowej pomocy specjalistycznej PCPR przygotowa\u0142o tak\u017ce warsztaty i zaj\u0119cia grupowe:<\/strong><br \/>\n&#8211; \u201eB\u0105d\u017a dobrym rodzicem\u201d \u2013 w ka\u017cdy poniedzia\u0142ek w godz. 10-11.30,<br \/>\n&#8211; wsparcie dla kobiet do\u015bwiadczaj\u0105cych przemocy w rodzinie \u2013 w ka\u017cd\u0105 \u015brod\u0119 o godz. 16.<\/p>\n<p align=\"justify\"><strong>Pracownicy PCPR zach\u0119caj\u0105 do kontaktu:<\/strong><br \/>\n&#8211; w siedzibie o\u015brodka przy ul. Sk\u0142adowej 3 w Lubinie<br \/>\n&#8211; pod nr 76 847 96 92<br \/>\n&#8211; pcpr@powiat-lubin.pl lub interwencja@pcpr.powiat-lubin.pl.<\/p>\n<p>\u0179r\u00f3d\u0142o: Starostwo Powiatowe w Lubinie<\/p>\n","protected":false},"excerpt":{"rendered":"<p>Powiatowe Centrum Pomocy Rodzinie w Lubinie uruchamia dla wszystkich mieszka\u0144c\u00f3w Powiatu Lubi\u0144skiego stref\u0119 specjalistycznego poradnictwa i wsparcia &#8211; \u201eRazem przeciwko<\/p>\n","protected":false},"author":3,"featured_media":25512,"comment_status":"open","ping_status":"open","sticky":false,"template":"","format":"standard","meta":{"ngg_post_thumbnail":0},"categories":[12,3],"tags":[1211,1566],"_links":{"self":[{"href":"https:\/\/scinawa.pl\/index.php\/wp-json\/wp\/v2\/posts\/25511"}],"collection":[{"href":"https:\/\/scinawa.pl\/index.php\/wp-json\/wp\/v2\/posts"}],"about":[{"href":"https:\/\/scinawa.pl\/index.php\/wp-json\/wp\/v2\/types\/post"}],"author":[{"embeddable":true,"href":"https:\/\/scinawa.pl\/index.php\/wp-json\/wp\/v2\/users\/3"}],"replies":[{"embeddable":true,"href":"https:\/\/scinawa.pl\/index.php\/wp-json\/wp\/v2\/comments?post=25511"}],"version-history":[{"count":1,"href":"https:\/\/scinawa.pl\/index.php\/wp-json\/wp\/v2\/posts\/25511\/revisions"}],"predecessor-version":[{"id":25513,"href":"https:\/\/scinawa.pl\/index.php\/wp-json\/wp\/v2\/posts\/25511\/revisions\/25513"}],"wp:featuredmedia":[{"embeddable":true,"href":"https:\/\/scinawa.pl\/index.php\/wp-json\/wp\/v2\/media\/25512"}],"wp:attachment":[{"href":"https:\/\/scinawa.pl\/index.php\/wp-json\/wp\/v2\/media?parent=25511"}],"wp:term":[{"taxonomy":"category","embeddable":true,"href":"https:\/\/scinawa.pl\/index.php\/wp-json\/wp\/v2\/categories?post=25511"},{"taxonomy":"post_tag","embeddable":true,"href":"https:\/\/scinawa.pl\/index.php\/wp-json\/wp\/v2\/tags?post=25511"}],"curies":[{"name":"wp","href":"https:\/\/api.w.org\/{rel}","templated":true}]}}