{"id":25264,"date":"2021-10-05T11:41:23","date_gmt":"2021-10-05T09:41:23","guid":{"rendered":"http:\/\/nowa.scinawa.pl\/?p=25264"},"modified":"2021-10-05T15:30:43","modified_gmt":"2021-10-05T13:30:43","slug":"piec-kolejnych-miejscowosci-z-nowymi-planami-zagospodarowania","status":"publish","type":"post","link":"https:\/\/scinawa.pl\/index.php\/2021\/10\/05\/piec-kolejnych-miejscowosci-z-nowymi-planami-zagospodarowania\/","title":{"rendered":"Pi\u0119\u0107 kolejnych miejscowo\u015bci z nowymi planami zagospodarowania"},"content":{"rendered":"<p align=\"justify\"><strong>Podczas pi\u0105tkowej sesji radni Rady Miejskiej w \u015acinawie podj\u0119li uchwa\u0142y uaktualniaj\u0105ce miejscowe plany zagospodarowania przestrzennego dla pi\u0119ciu kolejnych wsi: Buszkowic, D\u0142u\u017cyc, Dzies\u0142awia, Krzy\u017cowej i Parszowic. Dokumentacj\u0119 dla ca\u0142ej grupy miejscowo\u015bci opracowa\u0142a firma Q7 Grupa Projektowa s.c z Wroc\u0142awia. W 2018 roku zosta\u0142 zmieniony plan zagospodarowania przestrzennego dla \u015acinawy, od tego czasu \u015bcinawscy radni, opr\u00f3cz dla w\/w grupy miejscowo\u015bci, podj\u0119li tak\u017ce uchwa\u0142y uaktualniaj\u0105ce dokumenty dla: Tymowej, Jurcza, Lasowic, Przychowej, D\u0119bca, D\u0105browy Dolnej i \u015arodkowej, Dziewina, Che\u0142mka, Sitna, Redlic.<br \/>\n<\/strong><\/p>\n<p align=\"justify\">Sporz\u0105dzenie zmiany planu miejscowego ma na celu przede wszystkim popraw\u0119 warunk\u00f3w zagospodarowania terenu, przy zachowaniu zasad zr\u00f3wnowa\u017conego rozwoju i \u0142adu przestrzennego. Przeobra\u017cenia zachodz\u0105ce na obszarze gminy, potrzeby rozwoju spo\u0142ecznego i gospodarczego, a tak\u017ce zmiany obowi\u0105zuj\u0105cych przepis\u00f3w, spowodowa\u0142y utrat\u0119 aktualno\u015bci cz\u0119\u015bci ustale\u0144 zawartych w dokumencie planistycznym, kt\u00f3ry uchwalony by\u0142 kilkana\u015bcie lat temu. Nale\u017cy zaznaczy\u0107, \u017ce w\u0142a\u015bciciele nieruchomo\u015bci zg\u0142osili oko\u0142o 150 wniosk\u00f3w o wprowadzenie korekt do starego planu zagospodarowania przestrzennego dla obszar\u00f3w wiejskich, by\u0142o to jeszcze przed rozpocz\u0119ciem prac nad nowym projektem!<br \/>\nKolejnymi miejscowo\u015bciami, dla kt\u00f3rych zostan\u0105 zaktualizowane plany b\u0119d\u0105 Wielowie\u015b i Zabor\u00f3w wraz z Grzybowem. P\u00f3\u017aniej sfinalizowane zostan\u0105 prace nad dokumentami dla R\u0119szowa i Turowa.<\/p>\n","protected":false},"excerpt":{"rendered":"<p>Podczas pi\u0105tkowej sesji radni Rady Miejskiej w \u015acinawie podj\u0119li uchwa\u0142y uaktualniaj\u0105ce miejscowe plany zagospodarowania przestrzennego dla pi\u0119ciu kolejnych wsi: Buszkowic,<\/p>\n","protected":false},"author":3,"featured_media":25265,"comment_status":"open","ping_status":"open","sticky":false,"template":"","format":"standard","meta":{"ngg_post_thumbnail":0},"categories":[12,3],"tags":[779,1547,1004,442,206,1546],"_links":{"self":[{"href":"https:\/\/scinawa.pl\/index.php\/wp-json\/wp\/v2\/posts\/25264"}],"collection":[{"href":"https:\/\/scinawa.pl\/index.php\/wp-json\/wp\/v2\/posts"}],"about":[{"href":"https:\/\/scinawa.pl\/index.php\/wp-json\/wp\/v2\/types\/post"}],"author":[{"embeddable":true,"href":"https:\/\/scinawa.pl\/index.php\/wp-json\/wp\/v2\/users\/3"}],"replies":[{"embeddable":true,"href":"https:\/\/scinawa.pl\/index.php\/wp-json\/wp\/v2\/comments?post=25264"}],"version-history":[{"count":6,"href":"https:\/\/scinawa.pl\/index.php\/wp-json\/wp\/v2\/posts\/25264\/revisions"}],"predecessor-version":[{"id":25268,"href":"https:\/\/scinawa.pl\/index.php\/wp-json\/wp\/v2\/posts\/25264\/revisions\/25268"}],"wp:featuredmedia":[{"embeddable":true,"href":"https:\/\/scinawa.pl\/index.php\/wp-json\/wp\/v2\/media\/25265"}],"wp:attachment":[{"href":"https:\/\/scinawa.pl\/index.php\/wp-json\/wp\/v2\/media?parent=25264"}],"wp:term":[{"taxonomy":"category","embeddable":true,"href":"https:\/\/scinawa.pl\/index.php\/wp-json\/wp\/v2\/categories?post=25264"},{"taxonomy":"post_tag","embeddable":true,"href":"https:\/\/scinawa.pl\/index.php\/wp-json\/wp\/v2\/tags?post=25264"}],"curies":[{"name":"wp","href":"https:\/\/api.w.org\/{rel}","templated":true}]}}