{"id":25022,"date":"2021-09-08T10:02:15","date_gmt":"2021-09-08T08:02:15","guid":{"rendered":"http:\/\/nowa.scinawa.pl\/?p=25022"},"modified":"2021-09-08T12:48:54","modified_gmt":"2021-09-08T10:48:54","slug":"desant-dla-zycia-pasjonaci-historii-plyna-dla-igi","status":"publish","type":"post","link":"https:\/\/scinawa.pl\/index.php\/2021\/09\/08\/desant-dla-zycia-pasjonaci-historii-plyna-dla-igi\/","title":{"rendered":"Desant dla \u017cycia \u2013 pasjonaci historii p\u0142yn\u0105 dla Igi"},"content":{"rendered":"<p align=\"justify\"><strong>Wczoraj w \u015bcinawskim porcie zacumowali swoj\u0105 \u0142\u00f3d\u017a specjalni go\u015bcie, cz\u0142onkowie szczeci\u0144skiego Stowarzyszenia Templum p\u0142yn\u0105 Odr\u0105 do Gliwic i postanowili przenocowa\u0107 oraz uzupe\u0142ni\u0107 zapasy w\u0142a\u015bnie w naszej miejscowo\u015bci. Sama wyprawa opr\u00f3cz wymiaru historyczno-poznawczego ma r\u00f3wnie\u017c inny wa\u017cny cel \u2013 kwest\u0119 na rzecz chorej Igi Czekalskiej, 3-latki zmagaj\u0105cej si\u0119 z rdzeniowym zanikiem mi\u0119\u015bni: <a href=\"https:\/\/www.siepomaga.pl\/Iga?fbclid=IwAR1o49Dtv8jIdMnWu7I-qfoN6pwDIhgUnO7AOv0OCrTjUQMtHrBTzWHMbAE\">https:\/\/www.siepomaga.pl\/Iga?fbclid=IwAR1o49Dtv8jIdMnWu7I-qfoN6pwDIhgUnO7AOv0OCrTjUQMtHrBTzWHMbAE<\/a>. Z grup\u0105 podr\u00f3\u017cnik\u00f3w spotka\u0142 si\u0119 przewodnicz\u0105cy Rady Miejskiej w \u015acinawie Marek Szopa.<\/strong><\/p>\n<p align=\"justify\">Wyprawa rozpocz\u0119\u0142a si\u0119 10 dni temu w Szczecinie. 4-osobowy zesp\u00f3\u0142 przemierza tras\u0119 zabytkow\u0105 \u0142odzi\u0105 desantow\u0105, wyposa\u017con\u0105 w leciwy silnik. \u2013 Dotychczas p\u0142ywali\u015bmy g\u0142\u00f3wnie po jeziorach, to nasz pierwszy kontakt z rzek\u0105. Na samej \u0142odzi nie ma zbyt wiele miejsca, wi\u0119c musimy si\u0119 dobrze dogadywa\u0107. P\u0142yniemy powoli, ale z ka\u017cdym dniem jeste\u015bmy bli\u017cej naszego celu \u2013 t\u0142umacz\u0105 podr\u00f3\u017cnicy.<br \/>\nDariusz de Lorm, jeden z inicjator\u00f3w wyprawy przyzna\u0142, \u017ce w planach nie uj\u0119li przystanku w \u015acinawie, jednak po drodze dowiedzieli si\u0119 o historycznych walorach naszej miejscowo\u015bci i postanowili si\u0119 rozejrze\u0107 oraz przenocowa\u0107. &#8211; Jeste\u015bmy urzeczeni okolic\u0105 Odry i \u017cyczliwo\u015bci\u0105 mieszka\u0144c\u00f3w. Zwiedzili\u015bmy pobie\u017cnie pobliski bunkier, kt\u00f3ry zabezpieczyli lokalni pasjonaci i\u2026 p\u00f3\u017an\u0105 jesieni\u0105 tutaj wr\u00f3cimy, by przygotowa\u0107 materia\u0142 filmowy o \u015acinawie \u2013 t\u0142umaczy pasjonat historii.<\/p>\n<p align=\"justify\">Dzi\u015b o godzinie 9:00 go\u015bcie wyp\u0142yn\u0119li z portu. Wypraw\u0119 relacjonuj\u0105 na facebookowym profilu stowarzyszenia: <a href=\"https:\/\/www.facebook.com\/stowarzyszenietemplum\">https:\/\/www.facebook.com\/stowarzyszenietemplum<\/a>.<\/p>\n<p align=\"justify\"><a href=\"http:\/\/nowa.scinawa.pl\/wp-content\/uploads\/2021\/09\/DSC_0328.jpg\"><img decoding=\"async\" loading=\"lazy\" class=\"aligncenter size-full wp-image-25023\" src=\"http:\/\/nowa.scinawa.pl\/wp-content\/uploads\/2021\/09\/DSC_0328.jpg\" alt=\"\" width=\"1024\" height=\"683\" srcset=\"https:\/\/scinawa.pl\/wp-content\/uploads\/2021\/09\/DSC_0328.jpg 1024w, https:\/\/scinawa.pl\/wp-content\/uploads\/2021\/09\/DSC_0328-300x200.jpg 300w, https:\/\/scinawa.pl\/wp-content\/uploads\/2021\/09\/DSC_0328-768x512.jpg 768w, https:\/\/scinawa.pl\/wp-content\/uploads\/2021\/09\/DSC_0328-24x16.jpg 24w, https:\/\/scinawa.pl\/wp-content\/uploads\/2021\/09\/DSC_0328-36x24.jpg 36w, https:\/\/scinawa.pl\/wp-content\/uploads\/2021\/09\/DSC_0328-48x32.jpg 48w\" sizes=\"(max-width: 1024px) 100vw, 1024px\" \/><\/a><br \/>\n<a href=\"http:\/\/nowa.scinawa.pl\/wp-content\/uploads\/2021\/09\/DSC_0318.jpg\"><img decoding=\"async\" loading=\"lazy\" class=\"aligncenter size-full wp-image-25024\" src=\"http:\/\/nowa.scinawa.pl\/wp-content\/uploads\/2021\/09\/DSC_0318.jpg\" alt=\"\" width=\"1024\" height=\"683\" srcset=\"https:\/\/scinawa.pl\/wp-content\/uploads\/2021\/09\/DSC_0318.jpg 1024w, https:\/\/scinawa.pl\/wp-content\/uploads\/2021\/09\/DSC_0318-300x200.jpg 300w, https:\/\/scinawa.pl\/wp-content\/uploads\/2021\/09\/DSC_0318-768x512.jpg 768w, https:\/\/scinawa.pl\/wp-content\/uploads\/2021\/09\/DSC_0318-24x16.jpg 24w, https:\/\/scinawa.pl\/wp-content\/uploads\/2021\/09\/DSC_0318-36x24.jpg 36w, https:\/\/scinawa.pl\/wp-content\/uploads\/2021\/09\/DSC_0318-48x32.jpg 48w\" sizes=\"(max-width: 1024px) 100vw, 1024px\" \/><\/a><br \/>\n<a href=\"http:\/\/nowa.scinawa.pl\/wp-content\/uploads\/2021\/09\/DSC_0322.jpg\"><img decoding=\"async\" loading=\"lazy\" class=\"aligncenter size-full wp-image-25025\" src=\"http:\/\/nowa.scinawa.pl\/wp-content\/uploads\/2021\/09\/DSC_0322.jpg\" alt=\"\" width=\"1024\" height=\"683\" srcset=\"https:\/\/scinawa.pl\/wp-content\/uploads\/2021\/09\/DSC_0322.jpg 1024w, https:\/\/scinawa.pl\/wp-content\/uploads\/2021\/09\/DSC_0322-300x200.jpg 300w, https:\/\/scinawa.pl\/wp-content\/uploads\/2021\/09\/DSC_0322-768x512.jpg 768w, https:\/\/scinawa.pl\/wp-content\/uploads\/2021\/09\/DSC_0322-24x16.jpg 24w, https:\/\/scinawa.pl\/wp-content\/uploads\/2021\/09\/DSC_0322-36x24.jpg 36w, https:\/\/scinawa.pl\/wp-content\/uploads\/2021\/09\/DSC_0322-48x32.jpg 48w\" sizes=\"(max-width: 1024px) 100vw, 1024px\" \/><\/a><br \/>\n<a href=\"http:\/\/nowa.scinawa.pl\/wp-content\/uploads\/2021\/09\/DSC_0324.jpg\"><img decoding=\"async\" loading=\"lazy\" class=\"aligncenter size-full wp-image-25026\" src=\"http:\/\/nowa.scinawa.pl\/wp-content\/uploads\/2021\/09\/DSC_0324.jpg\" alt=\"\" width=\"1024\" height=\"683\" srcset=\"https:\/\/scinawa.pl\/wp-content\/uploads\/2021\/09\/DSC_0324.jpg 1024w, https:\/\/scinawa.pl\/wp-content\/uploads\/2021\/09\/DSC_0324-300x200.jpg 300w, https:\/\/scinawa.pl\/wp-content\/uploads\/2021\/09\/DSC_0324-768x512.jpg 768w, https:\/\/scinawa.pl\/wp-content\/uploads\/2021\/09\/DSC_0324-24x16.jpg 24w, https:\/\/scinawa.pl\/wp-content\/uploads\/2021\/09\/DSC_0324-36x24.jpg 36w, https:\/\/scinawa.pl\/wp-content\/uploads\/2021\/09\/DSC_0324-48x32.jpg 48w\" sizes=\"(max-width: 1024px) 100vw, 1024px\" \/><\/a><\/p>\n","protected":false},"excerpt":{"rendered":"<p>Wczoraj w \u015bcinawskim porcie zacumowali swoj\u0105 \u0142\u00f3d\u017a specjalni go\u015bcie, cz\u0142onkowie szczeci\u0144skiego Stowarzyszenia Templum p\u0142yn\u0105 Odr\u0105 do Gliwic i postanowili przenocowa\u0107<\/p>\n","protected":false},"author":3,"featured_media":25027,"comment_status":"open","ping_status":"open","sticky":false,"template":"","format":"standard","meta":{"ngg_post_thumbnail":0},"categories":[12,3],"tags":[1532,475,739],"_links":{"self":[{"href":"https:\/\/scinawa.pl\/index.php\/wp-json\/wp\/v2\/posts\/25022"}],"collection":[{"href":"https:\/\/scinawa.pl\/index.php\/wp-json\/wp\/v2\/posts"}],"about":[{"href":"https:\/\/scinawa.pl\/index.php\/wp-json\/wp\/v2\/types\/post"}],"author":[{"embeddable":true,"href":"https:\/\/scinawa.pl\/index.php\/wp-json\/wp\/v2\/users\/3"}],"replies":[{"embeddable":true,"href":"https:\/\/scinawa.pl\/index.php\/wp-json\/wp\/v2\/comments?post=25022"}],"version-history":[{"count":3,"href":"https:\/\/scinawa.pl\/index.php\/wp-json\/wp\/v2\/posts\/25022\/revisions"}],"predecessor-version":[{"id":25030,"href":"https:\/\/scinawa.pl\/index.php\/wp-json\/wp\/v2\/posts\/25022\/revisions\/25030"}],"wp:featuredmedia":[{"embeddable":true,"href":"https:\/\/scinawa.pl\/index.php\/wp-json\/wp\/v2\/media\/25027"}],"wp:attachment":[{"href":"https:\/\/scinawa.pl\/index.php\/wp-json\/wp\/v2\/media?parent=25022"}],"wp:term":[{"taxonomy":"category","embeddable":true,"href":"https:\/\/scinawa.pl\/index.php\/wp-json\/wp\/v2\/categories?post=25022"},{"taxonomy":"post_tag","embeddable":true,"href":"https:\/\/scinawa.pl\/index.php\/wp-json\/wp\/v2\/tags?post=25022"}],"curies":[{"name":"wp","href":"https:\/\/api.w.org\/{rel}","templated":true}]}}