{"id":24912,"date":"2021-08-27T10:06:46","date_gmt":"2021-08-27T08:06:46","guid":{"rendered":"http:\/\/nowa.scinawa.pl\/?p=24912"},"modified":"2021-08-27T10:06:46","modified_gmt":"2021-08-27T08:06:46","slug":"spotkanie-zielarskie-w-palacyku","status":"publish","type":"post","link":"https:\/\/scinawa.pl\/index.php\/2021\/08\/27\/spotkanie-zielarskie-w-palacyku\/","title":{"rendered":"Spotkanie zielarskie w &#8222;Pa\u0142acyku&#8221;"},"content":{"rendered":"<p align=\"justify\"><strong>Ju\u017c w najbli\u017cszy czwartek, 2 wrze\u015bnia br. o godz. 17:00 na terenie \u015bcinawskiego \u201ePa\u0142acyku\u201d odb\u0119dzie si\u0119 bezp\u0142atne wydarzenie wielopokoleniowe zatytu\u0142owane \u201eWspania\u0142a moc zi\u00f3\u0142\u201d, na kt\u00f3re serdecznie zapraszaj\u0105 cz\u0142onkowie Stowarzyszenia \u201eAktywnie dla Gminy \u015acinawa\u201d.<\/strong><\/p>\n<p align=\"justify\">Warsztaty adresowane s\u0105 do senior\u00f3w, ale organizatorzy na swoim FB zach\u0119caj\u0105 do udzia\u0142u nie tylko najstarszych mieszka\u0144c\u00f3w, ale tak\u017ce ich dzieci, wnuk\u00f3w, znajomych, czy s\u0105siad\u00f3w.<\/p>\n<p align=\"justify\">Spotkanie poprowadzi zielarka i poetka Katarzyna Georgiou, kt\u00f3ra zapozna uczestnik\u00f3w projektu z leczniczym, kulinarnym i obrz\u0119dowym zastosowaniem zi\u00f3\u0142, z technikami ich obr\u00f3bki. Przedstawi tak\u017ce m.in. dawne praktyki zielarskie.<\/p>\n<p align=\"justify\">B\u0119dzie to pierwsze wydarzenie w ramach projektu &#8222;Czas Senior\u00f3w w Krainie \u0141\u0119g\u00f3w Odrza\u0144skich\u201d o kt\u00f3rego  dofinansowane z bud\u017cetu Samorz\u0105du Wojew\u00f3dztwa Dolno\u015bl\u0105skiego, postara\u0142o si\u0119  w\u0142a\u015bnie Stowarzyszenie \u201eAktywnie dla Gminy \u015acinawa\u201d.<\/p>\n<p><a href=\"http:\/\/nowa.scinawa.pl\/wp-content\/uploads\/2021\/08\/240166473_1268982503542246_2613606936886070023_n.png\"><img decoding=\"async\" loading=\"lazy\" src=\"http:\/\/nowa.scinawa.pl\/wp-content\/uploads\/2021\/08\/240166473_1268982503542246_2613606936886070023_n-724x1024.png\" alt=\"\" width=\"724\" height=\"1024\" class=\"aligncenter size-large wp-image-24913\" srcset=\"https:\/\/scinawa.pl\/wp-content\/uploads\/2021\/08\/240166473_1268982503542246_2613606936886070023_n-724x1024.png 724w, https:\/\/scinawa.pl\/wp-content\/uploads\/2021\/08\/240166473_1268982503542246_2613606936886070023_n-212x300.png 212w, https:\/\/scinawa.pl\/wp-content\/uploads\/2021\/08\/240166473_1268982503542246_2613606936886070023_n-768x1087.png 768w, https:\/\/scinawa.pl\/wp-content\/uploads\/2021\/08\/240166473_1268982503542246_2613606936886070023_n-1085x1536.png 1085w, https:\/\/scinawa.pl\/wp-content\/uploads\/2021\/08\/240166473_1268982503542246_2613606936886070023_n-17x24.png 17w, https:\/\/scinawa.pl\/wp-content\/uploads\/2021\/08\/240166473_1268982503542246_2613606936886070023_n-25x36.png 25w, https:\/\/scinawa.pl\/wp-content\/uploads\/2021\/08\/240166473_1268982503542246_2613606936886070023_n-34x48.png 34w, https:\/\/scinawa.pl\/wp-content\/uploads\/2021\/08\/240166473_1268982503542246_2613606936886070023_n.png 1447w\" sizes=\"(max-width: 724px) 100vw, 724px\" \/><\/a><\/p>\n","protected":false},"excerpt":{"rendered":"<p>Ju\u017c w najbli\u017cszy czwartek, 2 wrze\u015bnia br. o godz. 17:00 na terenie \u015bcinawskiego \u201ePa\u0142acyku\u201d odb\u0119dzie si\u0119 bezp\u0142atne wydarzenie wielopokoleniowe zatytu\u0142owane<\/p>\n","protected":false},"author":2,"featured_media":24913,"comment_status":"open","ping_status":"open","sticky":false,"template":"","format":"standard","meta":{"ngg_post_thumbnail":0},"categories":[12,2],"tags":[1520,1519,176,179,1518,1517],"_links":{"self":[{"href":"https:\/\/scinawa.pl\/index.php\/wp-json\/wp\/v2\/posts\/24912"}],"collection":[{"href":"https:\/\/scinawa.pl\/index.php\/wp-json\/wp\/v2\/posts"}],"about":[{"href":"https:\/\/scinawa.pl\/index.php\/wp-json\/wp\/v2\/types\/post"}],"author":[{"embeddable":true,"href":"https:\/\/scinawa.pl\/index.php\/wp-json\/wp\/v2\/users\/2"}],"replies":[{"embeddable":true,"href":"https:\/\/scinawa.pl\/index.php\/wp-json\/wp\/v2\/comments?post=24912"}],"version-history":[{"count":2,"href":"https:\/\/scinawa.pl\/index.php\/wp-json\/wp\/v2\/posts\/24912\/revisions"}],"predecessor-version":[{"id":24915,"href":"https:\/\/scinawa.pl\/index.php\/wp-json\/wp\/v2\/posts\/24912\/revisions\/24915"}],"wp:featuredmedia":[{"embeddable":true,"href":"https:\/\/scinawa.pl\/index.php\/wp-json\/wp\/v2\/media\/24913"}],"wp:attachment":[{"href":"https:\/\/scinawa.pl\/index.php\/wp-json\/wp\/v2\/media?parent=24912"}],"wp:term":[{"taxonomy":"category","embeddable":true,"href":"https:\/\/scinawa.pl\/index.php\/wp-json\/wp\/v2\/categories?post=24912"},{"taxonomy":"post_tag","embeddable":true,"href":"https:\/\/scinawa.pl\/index.php\/wp-json\/wp\/v2\/tags?post=24912"}],"curies":[{"name":"wp","href":"https:\/\/api.w.org\/{rel}","templated":true}]}}