{"id":24739,"date":"2021-07-29T09:19:31","date_gmt":"2021-07-29T07:19:31","guid":{"rendered":"http:\/\/nowa.scinawa.pl\/?p=24739"},"modified":"2021-07-29T09:19:31","modified_gmt":"2021-07-29T07:19:31","slug":"informacja-rzecznika-prasowego-prezesa-gus","status":"publish","type":"post","link":"https:\/\/scinawa.pl\/index.php\/2021\/07\/29\/informacja-rzecznika-prasowego-prezesa-gus\/","title":{"rendered":"Informacja rzecznika prasowego prezesa GUS"},"content":{"rendered":"<p align=\"justify\"><strong>W zwi\u0105zku z pytaniami dotycz\u0105cymi odm\u00f3w udzia\u0142u w Narodowym Spisie Powszechnym Ludno\u015bci i Mieszka\u0144 2021 informuj\u0119, \u017ce w przypadku gdy respondent definitywnie odmawia realizacji obowi\u0105zku spisowego urz\u0119dy statystyczne w wojew\u00f3dztwach przygotowuj\u0105 odpowiednie wnioski i sk\u0142adaj\u0105 zawiadomienie o pope\u0142nieniu wykroczenia na policj\u0119. Dotychczas z\u0142o\u017conych zosta\u0142o blisko 80 wniosk\u00f3w. Urz\u0119dy przygotowuj\u0105 na bie\u017c\u0105co kolejne wnioski do przekazania policji. Obowi\u0105zek udzia\u0142u w spisie wynika z ustawy o statystyce publicznej, a za odmow\u0119 udzia\u0142u w badaniu zapis ustawy wskazuje kar\u0119 grzywny.<\/strong><\/p>\n<p style=\"text-align: right;\">\u00a0\u00a0\u00a0\u00a0\u00a0\u00a0\u00a0\u00a0\u00a0\u00a0\u00a0\u00a0\u00a0\u00a0\u00a0\u00a0\u00a0\u00a0\u00a0\u00a0\u00a0\u00a0\u00a0\u00a0\u00a0\u00a0\u00a0\u00a0\u00a0\u00a0\u00a0\u00a0\u00a0\u00a0\u00a0\u00a0\u00a0\u00a0\u00a0\u00a0\u00a0\u00a0\u00a0\u00a0\u00a0\u00a0\u00a0\u00a0\u00a0\u00a0\u00a0\u00a0\u00a0\u00a0\u00a0\u00a0\u00a0\u00a0\u00a0\u00a0\u00a0\u00a0\u00a0\u00a0\u00a0\u00a0\u00a0\u00a0\u00a0\u00a0\u00a0\u00a0\u00a0\u00a0\u00a0\u00a0\u00a0\u00a0\u00a0\u00a0\u00a0\u00a0\u00a0\u00a0\u00a0\u00a0\u00a0\u00a0\u00a0\u00a0\u00a0\u00a0\u00a0\u00a0\u00a0\u00a0\u00a0\u00a0\u00a0\u00a0\u00a0\u00a0\u00a0\u00a0\u00a0\u00a0\u00a0\u00a0\u00a0\u00a0\u00a0\u00a0\u00a0\u00a0\u00a0\u00a0\u00a0\u00a0\u00a0\u00a0\u00a0\u00a0\u00a0\u00a0\u00a0\u00a0\u00a0\u00a0\u00a0\u00a0\u00a0\u00a0\u00a0\u00a0\u00a0\u00a0\u00a0\u00a0\u00a0\u00a0 \/-\/Karolina Banaszek<br \/>\nRzecznik prasowy Prezesa GUS<\/p>\n","protected":false},"excerpt":{"rendered":"<p>W zwi\u0105zku z pytaniami dotycz\u0105cymi odm\u00f3w udzia\u0142u w Narodowym Spisie Powszechnym Ludno\u015bci i Mieszka\u0144 2021 informuj\u0119, \u017ce w przypadku gdy<\/p>\n","protected":false},"author":3,"featured_media":24740,"comment_status":"open","ping_status":"open","sticky":false,"template":"","format":"standard","meta":{"ngg_post_thumbnail":0},"categories":[12,3],"tags":[1369,1499,1498],"_links":{"self":[{"href":"https:\/\/scinawa.pl\/index.php\/wp-json\/wp\/v2\/posts\/24739"}],"collection":[{"href":"https:\/\/scinawa.pl\/index.php\/wp-json\/wp\/v2\/posts"}],"about":[{"href":"https:\/\/scinawa.pl\/index.php\/wp-json\/wp\/v2\/types\/post"}],"author":[{"embeddable":true,"href":"https:\/\/scinawa.pl\/index.php\/wp-json\/wp\/v2\/users\/3"}],"replies":[{"embeddable":true,"href":"https:\/\/scinawa.pl\/index.php\/wp-json\/wp\/v2\/comments?post=24739"}],"version-history":[{"count":3,"href":"https:\/\/scinawa.pl\/index.php\/wp-json\/wp\/v2\/posts\/24739\/revisions"}],"predecessor-version":[{"id":24743,"href":"https:\/\/scinawa.pl\/index.php\/wp-json\/wp\/v2\/posts\/24739\/revisions\/24743"}],"wp:featuredmedia":[{"embeddable":true,"href":"https:\/\/scinawa.pl\/index.php\/wp-json\/wp\/v2\/media\/24740"}],"wp:attachment":[{"href":"https:\/\/scinawa.pl\/index.php\/wp-json\/wp\/v2\/media?parent=24739"}],"wp:term":[{"taxonomy":"category","embeddable":true,"href":"https:\/\/scinawa.pl\/index.php\/wp-json\/wp\/v2\/categories?post=24739"},{"taxonomy":"post_tag","embeddable":true,"href":"https:\/\/scinawa.pl\/index.php\/wp-json\/wp\/v2\/tags?post=24739"}],"curies":[{"name":"wp","href":"https:\/\/api.w.org\/{rel}","templated":true}]}}